{"id":803,"date":"2010-04-12T05:33:30","date_gmt":"2010-04-12T03:33:30","guid":{"rendered":"https:\/\/www.dasroteteam.de\/jusos\/?p=803"},"modified":"2013-02-17T05:34:10","modified_gmt":"2013-02-17T03:34:10","slug":"keine-hungerlohne-und-starkung-der-arbeitnehmerrechte","status":"publish","type":"post","link":"https:\/\/www.dasroteteam.de\/jusos\/2010\/04\/12\/keine-hungerlohne-und-starkung-der-arbeitnehmerrechte\/","title":{"rendered":"Keine Hungerl\u00c3\u00b6hne und St\u00c3\u00a4rkung der Arbeitnehmerrechte"},"content":{"rendered":"<div title=\"Page 1\">\n<div>\n<p>Zur Situation bei der Firma \u00e2\u20ac\u017eBetonwerk Westerwelle\u00e2\u20ac\u0153 in Herford erkl\u00c3\u00a4rt der Vorsitzende der JusosOWL <strong>Nils Brockschnieder<\/strong>:<\/p>\n<\/div>\n<div>\n<p>\u00e2\u20ac\u017eDie Jusos in der SPD OWL erkl\u00c3\u00a4ren sich solidarisch mit den Mitarbeitern der Firma Westerwelle in Herford und unterst\u00c3\u00bctzen die Mitarbeiter bei ihrer Forderung nach gerechten L\u00c3\u00b6hnen und Einrichtung eines Betriebsrates.<\/p>\n<p>Die t\u00c3\u00a4gliche Arbeitszeit nimmt einen gro\u00c3\u0178en Teil unserer Lebenszeit in Anspruch. Daher sind faire Arbeitsbedingungen, Geh\u00c3\u00a4lter und L\u00c3\u00b6hne unverzichtbar. Hierzu geh\u00c3\u00b6ren auch Transparenz und Mitbestimmung seitens der Besch\u00c3\u00a4ftigten.<\/p>\n<p>Deshalb fordern die JusosOWL die Gesch\u00c3\u00a4ftsf\u00c3\u00bchrung des \u00e2\u20ac\u017eBetonwerk Westerwelle\u00e2\u20ac\u0153 auf, ihre Blockadehaltung gegen einen Betriebsrat fallen zu lassen, die K\u00c3\u00bcndigung gegen die 5 Mitarbeiter und Mitarbeiterinnen zur\u00c3\u00bcckzunehmen und die Verhandlungen \u00c3\u00bcber einen Haustarifvertrag mit gerechten L\u00c3\u00b6hnen aufzunehmen.<\/p>\n<p>Die Gesch\u00c3\u00a4ftsf\u00c3\u00bchrung sollte einsehen, dass Betriebe, in denen Mitbestimmung gelebt wird, die grundlegenden Rechte der Besch\u00c3\u00a4ftigten gesichert und sie in der Regel sogar wirtschaftlich erfolgreicher sind.<\/p>\n<p>Der Fall macht aber auch erneut deutlich, dass erfolgreiche Mitbestimmung gesetzlich flankiert werden muss, damit die Grundrechte der Besch\u00c3\u00a4ftigten nicht mehr ausgehebelt werden k\u00c3\u00b6nnen.\u00e2\u20ac\u0153<\/p>\n<\/div>\n<\/div>\n","protected":false},"excerpt":{"rendered":"<p>Zur Situation bei der Firma \u00e2\u20ac\u017eBetonwerk Westerwelle\u00e2\u20ac\u0153 in Herford erkl\u00c3\u00a4rt der Vorsitzende der JusosOWL Nils Brockschnieder: \u00e2\u20ac\u017eDie Jusos in der SPD OWL erkl\u00c3\u00a4ren sich solidarisch mit den Mitarbeitern der Firma [&hellip;]<\/p>\n","protected":false},"author":2,"featured_media":0,"comment_status":"open","ping_status":"open","sticky":false,"template":"","format":"standard","meta":{"_uag_custom_page_level_css":"","site-sidebar-layout":"default","site-content-layout":"","ast-site-content-layout":"default","site-content-style":"default","site-sidebar-style":"default","ast-global-header-display":"","ast-banner-title-visibility":"","ast-main-header-display":"","ast-hfb-above-header-display":"","ast-hfb-below-header-display":"","ast-hfb-mobile-header-display":"","site-post-title":"","ast-breadcrumbs-content":"","ast-featured-img":"","footer-sml-layout":"","ast-disable-related-posts":"","theme-transparent-header-meta":"","adv-header-id-meta":"","stick-header-meta":"","header-above-stick-meta":"","header-main-stick-meta":"","header-below-stick-meta":"","astra-migrate-meta-layouts":"default","ast-page-background-enabled":"default","ast-page-background-meta":{"desktop":{"background-color":"var(--ast-global-color-4)","background-image":"","background-repeat":"repeat","background-position":"center center","background-size":"auto","background-attachment":"scroll","background-type":"","background-media":"","overlay-type":"","overlay-color":"","overlay-opacity":"","overlay-gradient":""},"tablet":{"background-color":"","background-image":"","background-repeat":"repeat","background-position":"center center","background-size":"auto","background-attachment":"scroll","background-type":"","background-media":"","overlay-type":"","overlay-color":"","overlay-opacity":"","overlay-gradient":""},"mobile":{"background-color":"","background-image":"","background-repeat":"repeat","background-position":"center center","background-size":"auto","background-attachment":"scroll","background-type":"","background-media":"","overlay-type":"","overlay-color":"","overlay-opacity":"","overlay-gradient":""}},"ast-content-background-meta":{"desktop":{"background-color":"var(--ast-global-color-5)","background-image":"","background-repeat":"repeat","background-position":"center center","background-size":"auto","background-attachment":"scroll","background-type":"","background-media":"","overlay-type":"","overlay-color":"","overlay-opacity":"","overlay-gradient":""},"tablet":{"background-color":"var(--ast-global-color-5)","background-image":"","background-repeat":"repeat","background-position":"center center","background-size":"auto","background-attachment":"scroll","background-type":"","background-media":"","overlay-type":"","overlay-color":"","overlay-opacity":"","overlay-gradient":""},"mobile":{"background-color":"var(--ast-global-color-5)","background-image":"","background-repeat":"repeat","background-position":"center center","background-size":"auto","background-attachment":"scroll","background-type":"","background-media":"","overlay-type":"","overlay-color":"","overlay-opacity":"","overlay-gradient":""}},"footnotes":""},"categories":[19,4],"tags":[],"class_list":["post-803","post","type-post","status-publish","format-standard","hentry","category-aus-der-region","category-presse-news"],"uagb_featured_image_src":{"full":false,"thumbnail":false,"medium":false,"medium_large":false,"large":false,"1536x1536":false,"2048x2048":false,"slide-thumbnail":false},"uagb_author_info":{"display_name":"Redaktion","author_link":"https:\/\/www.dasroteteam.de\/jusos\/author\/vogelje\/"},"uagb_comment_info":0,"uagb_excerpt":"Zur Situation bei der Firma \u00e2\u20ac\u017eBetonwerk Westerwelle\u00e2\u20ac\u0153 in Herford erkl\u00c3\u00a4rt der Vorsitzende der JusosOWL Nils Brockschnieder: \u00e2\u20ac\u017eDie Jusos in der SPD OWL erkl\u00c3\u00a4ren sich solidarisch mit den Mitarbeitern der Firma [&hellip;]","_links":{"self":[{"href":"https:\/\/www.dasroteteam.de\/jusos\/wp-json\/wp\/v2\/posts\/803","targetHints":{"allow":["GET"]}}],"collection":[{"href":"https:\/\/www.dasroteteam.de\/jusos\/wp-json\/wp\/v2\/posts"}],"about":[{"href":"https:\/\/www.dasroteteam.de\/jusos\/wp-json\/wp\/v2\/types\/post"}],"author":[{"embeddable":true,"href":"https:\/\/www.dasroteteam.de\/jusos\/wp-json\/wp\/v2\/users\/2"}],"replies":[{"embeddable":true,"href":"https:\/\/www.dasroteteam.de\/jusos\/wp-json\/wp\/v2\/comments?post=803"}],"version-history":[{"count":0,"href":"https:\/\/www.dasroteteam.de\/jusos\/wp-json\/wp\/v2\/posts\/803\/revisions"}],"wp:attachment":[{"href":"https:\/\/www.dasroteteam.de\/jusos\/wp-json\/wp\/v2\/media?parent=803"}],"wp:term":[{"taxonomy":"category","embeddable":true,"href":"https:\/\/www.dasroteteam.de\/jusos\/wp-json\/wp\/v2\/categories?post=803"},{"taxonomy":"post_tag","embeddable":true,"href":"https:\/\/www.dasroteteam.de\/jusos\/wp-json\/wp\/v2\/tags?post=803"}],"curies":[{"name":"wp","href":"https:\/\/api.w.org\/{rel}","templated":true}]}}