{"id":760,"date":"2007-08-22T04:38:01","date_gmt":"2007-08-22T02:38:01","guid":{"rendered":"https:\/\/www.dasroteteam.de\/jusos\/?p=760"},"modified":"2013-02-17T04:39:45","modified_gmt":"2013-02-17T02:39:45","slug":"it%c2%b4s-summertime-gutes-wetter-interessante-themen-und-lecker-grillen","status":"publish","type":"post","link":"https:\/\/www.dasroteteam.de\/jusos\/2007\/08\/22\/it%c2%b4s-summertime-gutes-wetter-interessante-themen-und-lecker-grillen\/","title":{"rendered":"It\u00c2\u00b4s Summertime: Gutes Wetter, interessante Themen und lecker Grillen"},"content":{"rendered":"<div>\n<p>Es war eine Premiere mit Anlaufschwierigkeiten \u00e2\u20ac\u201cam Ende gelang sie dann aber voll und ganz: Das erstmals gefeierte Sommerfest der Jusos Minden-L\u00c3\u00bcbbecke hatte zun\u00c3\u00a4chst um 2 Wochen verschoben werden m\u00c3\u00bcssen, doch am ersten Augustwochenende konnten die Jungsozialisten \u00e2\u20ac\u201c und einige G\u00c3\u00a4ste, die der \u00c3\u00b6ffentlichen Einladung gefolgt waren \u00e2\u20ac\u201c dann doch wie geplant bei sommerlichen Temperaturen das Sommerfest abhalten.<\/p>\n<p>Den Auftakt machte am Samstagvormittag ein Rundgang auf dem j\u00c3\u00bcdischen Friedhof in Alt-Espelkamp: Hier informierten sich die politisch interessierten Jugendlichen \u00c3\u00bcber die Geschichte der j\u00c3\u00bcdischen Gemeinde in Rahden und Umgebung; Pfarrer Werner Milstein, der die F\u00c3\u00bchrung leitete und daf\u00c3\u00bcr von den begeisterten Jusos einen Pr\u00c3\u00a4sentkorb erhielt, referierte dar\u00c3\u00bcber hinaus in gewohnt kompetenter Manier \u00c3\u00bcber j\u00c3\u00bcdisches Brauchtum und die reiche Kultur, die mit dem Judentum verbunden ist.<\/p>\n<\/div>\n<div>\n<p>Ein ganz anderes Thema stand anschlie\u00c3\u0178end im Elite-Kino in Espelkamp auf der Tagesordnung: Zun\u00c3\u00a4chst wurden bei einer Sondervorf\u00c3\u00bchrung des Films \u00e2\u20ac\u017eEine unbequeme Wahrheit\u00e2\u20ac\u0153 (vom ehem. US-Vizepr\u00c3\u00a4sident Al Gore) die Grundlagen der Klimawandel- Problematik vermittelt, sodass die Jusos anschlie\u00c3\u0178end im B\u00c3\u00bcrgerhaus voll in die Diskussion einsteigen konnten: Hier wartete Dr. Manfred Treber, Mitglied der Nichtregierungsorganisation \u00e2\u20ac\u017eGermanwatch\u00e2\u20ac\u0153. Er erl\u00c3\u00a4uterte zun\u00c3\u00a4chst grunds\u00c3\u00a4tzliche Probleme der Politik im Umgang mit dem Klimawandel, um danach m\u00c3\u00b6gliche L\u00c3\u00b6sungswege aufzuzeigen.<\/p>\n<p>Nach einigen Stunden konzentrierter programmatischer Arbeit durfte am Abend die Entspannung nicht fehlen; im Garten des Rahdener SPD- Stadtverbandsvorsitzenden Torsten Kuhlmann setzten die Jungsozialisten bei einem Grillabend viele Diskussionen fort. Am n\u00c3\u00a4chsten Morgen zogen die Jusos im Rahmen des allj\u00c3\u00a4hrlichen Fr\u00c3\u00bchschoppens der Rahdener SPD ein zufriedenes Fazit; die umfangreiche Organisation hat sich nach den Worten von Marie Marten, Vorsitzende der Juso-AG Altkreis L\u00c3\u00bcbbecke, \u00e2\u20ac\u017eganz eindeutig gelohnt!\u00e2\u20ac\u0153<\/p>\n<\/div>\n","protected":false},"excerpt":{"rendered":"<p>Es war eine Premiere mit Anlaufschwierigkeiten \u00e2\u20ac\u201cam Ende gelang sie dann aber voll und ganz: Das erstmals gefeierte Sommerfest der Jusos Minden-L\u00c3\u00bcbbecke hatte zun\u00c3\u00a4chst um 2 Wochen verschoben werden m\u00c3\u00bcssen, [&hellip;]<\/p>\n","protected":false},"author":2,"featured_media":761,"comment_status":"open","ping_status":"open","sticky":false,"template":"","format":"standard","meta":{"_uag_custom_page_level_css":"","site-sidebar-layout":"default","site-content-layout":"","ast-site-content-layout":"default","site-content-style":"default","site-sidebar-style":"default","ast-global-header-display":"","ast-banner-title-visibility":"","ast-main-header-display":"","ast-hfb-above-header-display":"","ast-hfb-below-header-display":"","ast-hfb-mobile-header-display":"","site-post-title":"","ast-breadcrumbs-content":"","ast-featured-img":"","footer-sml-layout":"","ast-disable-related-posts":"","theme-transparent-header-meta":"","adv-header-id-meta":"","stick-header-meta":"","header-above-stick-meta":"","header-main-stick-meta":"","header-below-stick-meta":"","astra-migrate-meta-layouts":"default","ast-page-background-enabled":"default","ast-page-background-meta":{"desktop":{"background-color":"var(--ast-global-color-4)","background-image":"","background-repeat":"repeat","background-position":"center center","background-size":"auto","background-attachment":"scroll","background-type":"","background-media":"","overlay-type":"","overlay-color":"","overlay-opacity":"","overlay-gradient":""},"tablet":{"background-color":"","background-image":"","background-repeat":"repeat","background-position":"center center","background-size":"auto","background-attachment":"scroll","background-type":"","background-media":"","overlay-type":"","overlay-color":"","overlay-opacity":"","overlay-gradient":""},"mobile":{"background-color":"","background-image":"","background-repeat":"repeat","background-position":"center center","background-size":"auto","background-attachment":"scroll","background-type":"","background-media":"","overlay-type":"","overlay-color":"","overlay-opacity":"","overlay-gradient":""}},"ast-content-background-meta":{"desktop":{"background-color":"var(--ast-global-color-5)","background-image":"","background-repeat":"repeat","background-position":"center center","background-size":"auto","background-attachment":"scroll","background-type":"","background-media":"","overlay-type":"","overlay-color":"","overlay-opacity":"","overlay-gradient":""},"tablet":{"background-color":"var(--ast-global-color-5)","background-image":"","background-repeat":"repeat","background-position":"center center","background-size":"auto","background-attachment":"scroll","background-type":"","background-media":"","overlay-type":"","overlay-color":"","overlay-opacity":"","overlay-gradient":""},"mobile":{"background-color":"var(--ast-global-color-5)","background-image":"","background-repeat":"repeat","background-position":"center center","background-size":"auto","background-attachment":"scroll","background-type":"","background-media":"","overlay-type":"","overlay-color":"","overlay-opacity":"","overlay-gradient":""}},"footnotes":""},"categories":[21,4],"tags":[171],"class_list":["post-760","post","type-post","status-publish","format-standard","has-post-thumbnail","hentry","category-aus-dem-ub","category-presse-news","tag-sommerfest"],"uagb_featured_image_src":{"full":["https:\/\/www.dasroteteam.de\/jusos\/wp-content\/uploads\/2013\/02\/sommerfestfriedhof.jpg",549,412,false],"thumbnail":["https:\/\/www.dasroteteam.de\/jusos\/wp-content\/uploads\/2013\/02\/sommerfestfriedhof-150x150.jpg",80,80,true],"medium":["https:\/\/www.dasroteteam.de\/jusos\/wp-content\/uploads\/2013\/02\/sommerfestfriedhof-300x225.jpg",300,225,true],"medium_large":["https:\/\/www.dasroteteam.de\/jusos\/wp-content\/uploads\/2013\/02\/sommerfestfriedhof.jpg",549,412,false],"large":["https:\/\/www.dasroteteam.de\/jusos\/wp-content\/uploads\/2013\/02\/sommerfestfriedhof.jpg",549,412,false],"1536x1536":["https:\/\/www.dasroteteam.de\/jusos\/wp-content\/uploads\/2013\/02\/sommerfestfriedhof.jpg",549,412,false],"2048x2048":["https:\/\/www.dasroteteam.de\/jusos\/wp-content\/uploads\/2013\/02\/sommerfestfriedhof.jpg",549,412,false],"slide-thumbnail":["https:\/\/www.dasroteteam.de\/jusos\/wp-content\/uploads\/2013\/02\/sommerfestfriedhof.jpg",549,412,false]},"uagb_author_info":{"display_name":"Redaktion","author_link":"https:\/\/www.dasroteteam.de\/jusos\/author\/vogelje\/"},"uagb_comment_info":0,"uagb_excerpt":"Es war eine Premiere mit Anlaufschwierigkeiten \u00e2\u20ac\u201cam Ende gelang sie dann aber voll und ganz: Das erstmals gefeierte Sommerfest der Jusos Minden-L\u00c3\u00bcbbecke hatte zun\u00c3\u00a4chst um 2 Wochen verschoben werden m\u00c3\u00bcssen, [&hellip;]","_links":{"self":[{"href":"https:\/\/www.dasroteteam.de\/jusos\/wp-json\/wp\/v2\/posts\/760","targetHints":{"allow":["GET"]}}],"collection":[{"href":"https:\/\/www.dasroteteam.de\/jusos\/wp-json\/wp\/v2\/posts"}],"about":[{"href":"https:\/\/www.dasroteteam.de\/jusos\/wp-json\/wp\/v2\/types\/post"}],"author":[{"embeddable":true,"href":"https:\/\/www.dasroteteam.de\/jusos\/wp-json\/wp\/v2\/users\/2"}],"replies":[{"embeddable":true,"href":"https:\/\/www.dasroteteam.de\/jusos\/wp-json\/wp\/v2\/comments?post=760"}],"version-history":[{"count":0,"href":"https:\/\/www.dasroteteam.de\/jusos\/wp-json\/wp\/v2\/posts\/760\/revisions"}],"wp:featuredmedia":[{"embeddable":true,"href":"https:\/\/www.dasroteteam.de\/jusos\/wp-json\/wp\/v2\/media\/761"}],"wp:attachment":[{"href":"https:\/\/www.dasroteteam.de\/jusos\/wp-json\/wp\/v2\/media?parent=760"}],"wp:term":[{"taxonomy":"category","embeddable":true,"href":"https:\/\/www.dasroteteam.de\/jusos\/wp-json\/wp\/v2\/categories?post=760"},{"taxonomy":"post_tag","embeddable":true,"href":"https:\/\/www.dasroteteam.de\/jusos\/wp-json\/wp\/v2\/tags?post=760"}],"curies":[{"name":"wp","href":"https:\/\/api.w.org\/{rel}","templated":true}]}}