{"id":757,"date":"2007-09-26T04:34:32","date_gmt":"2007-09-26T02:34:32","guid":{"rendered":"https:\/\/www.dasroteteam.de\/jusos\/?p=757"},"modified":"2013-02-17T04:37:39","modified_gmt":"2013-02-17T02:37:39","slug":"strategien-gegen-rechtsextremismus","status":"publish","type":"post","link":"https:\/\/www.dasroteteam.de\/jusos\/2007\/09\/26\/strategien-gegen-rechtsextremismus\/","title":{"rendered":"Strategien gegen Rechtsextremismus"},"content":{"rendered":"<div>\n<p>Die rechtsextremen Straftaten nahmen in den letzten Jahren immer mehr zu und vor Ort sehen sich die Jusos immer st\u00c3\u00a4rker, mit der Rechtsradikalismusproblematik konfrontiert, deshalb haben sich rund 15 Vertreter aus dem Juso-Landesverband NRW vor zwei Wochen in Paderborn getroffen, um gemeinsam Konzepte und Strategien gegen Rechtsradikalismus und der braunen Ideologien zu auszuarbeiten und gemeinsam mit Referenten zu diskutieren.<\/p>\n<p>Jan Rabe von Bielefelder Verein \u00e2\u20ac\u0153Argumente und Kultur gegen Rechts e.V.\u00e2\u20ac\u009d gab Einblicke in die rechte Szene in NRW. Die rechte Szene hat, nach den Beobachtungen des Vereins, ihre Strategie teilweise ge\u00c3\u00a4ndert, der \u00e2\u20ac\u017eKampf um die K\u00c3\u00b6pfe\u00e2\u20ac\u0153 habe vielfach den \u00e2\u20ac\u017eKampf um Stra\u00c3\u0178e\u00e2\u20ac\u0153 abgel\u00c3\u00b6st. Verst\u00c3\u00a4rkt versuchten die Rechtsextremisten an Schulen Fu\u00c3\u0178 zu fassen, etwa durch das Verteilen von kostenlosen CDs mit rechtsextremistischer Musik, so Jan Rabe.<\/p>\n<\/div>\n<div>\n<p>Aber nicht jeder Nazi sei automatisch ein militanter, gewaltbereiter Schl\u00c3\u00a4ger, man d\u00c3\u00bcrfe das Problem nicht nur auf die vermeintlich \u00c3\u00bcblichen Verd\u00c3\u00a4chtigen mit Springerstiefeln und kurz geschorenen Haaren reduzieren, denn der Dresscode und auch das Auftreten habe sich im Laufe der letzten Jahre stark ver\u00c3\u00a4ndert. \u00e2\u20ac\u017eViele der f\u00c3\u00bchrenden Nazis gehen in ihrem zivilen Leben normalen Berufen nach oder haben sogar studiert, als gesellschaftliche Au\u00c3\u0178enseiter kann man sie nicht bezeichnen.\u00e2\u20ac\u0153<\/p>\n<p>Als weiterer Referent hatten die Jusos Frank Gockel, vom Verein \u00e2\u20ac\u0153Hilfe f\u00c3\u00bcr Menschen in Abschiebehaft B\u00c3\u00bcren e.V.\u00e2\u20ac\u009d eingeladen. Frank Gockel geriet ins Fahnenkreuz der Rechten der ehem. Kameradschaft \u00e2\u20ac\u0153Nationalen Offensive Schaumburg\u00e2\u20ac\u009d, als er unter anderem Demonstrationen in Paderborn anmeldete und vor den Gefahren von Rechts warnte. Gockel berichtete in seinen Referat \u00c3\u00bcber \u00e2\u20ac\u0153seine Zeit mit der NOS\u00e2\u20ac\u009d, die gekennzeichnet war &#8211; Durch Angst und Terror.<\/p>\n<p>Gockel wurde per Telefon bedroht und zuletzt schleichten die Rechten sogar vor seiner Wohnung rum &#8211; Zum Gl\u00c3\u00bcck blieben \u00c3\u0153bergriffe gegen seine Person aus. Im Vorfeld zur NOS-Demo in Paderborn im April 2007, wurden Plakate von den Rechten in Paderborn aufgehangen, indem aufgefordert wurde \u00e2\u20ac\u0153Den antifaschistischen Gockel von der Stra\u00c3\u0178e zu fegen\u00e2\u20ac\u009d. Gockel versteckte sich, suchte sich jede Nacht einen anderen Schlafplatz, wechselte seine Fahrzeuge und verlies nur in Begleitung sein B\u00c3\u00bcro.<\/p>\n<p>Nach einen Bericht in der Sendung \u00e2\u20ac\u0153Monitor\u00e2\u20ac\u009d war pl\u00c3\u00b6tzlich Ruhe, vereinzelt gibt es noch Anzeigen von Seiten der NOS-Anw\u00c3\u00a4lte gegen Gockel, um damit seine aktuellen Wohnort herauszubekommen, aber ansonsten halten sich die Nazis zur\u00c3\u00bcck. Mittlerweile hat sich die NOS ausgel\u00c3\u00b6st und sind damit einen Verbotsverfahren durch die nieders\u00c3\u00a4chsischen Beh\u00c3\u00b6rden zuvorgekommen. Allerdings sind die Mitglieder bei den \u00e2\u20ac\u0153Nationalen Sozialisten aus Schaumburg &amp; OWL\u00e2\u20ac\u009d untergekommen und werden weiterhin ihr Unwesen in OWL und Schaumburg treiben.<\/p>\n<p>Im weiteren Verlauf des Seminars berichteten die Teilnehmer \u00c3\u00bcber ihre Aktionen gegen Rechts vor Ort, diskutierten \u00c3\u00bcber effektive Strategien gegen Rechts und legten damit den Grundstein f\u00c3\u00bcr eine dauerhafte Kampage des Juso-Landesverbandes NRW gegen Rechts.<\/p>\n<\/div>\n","protected":false},"excerpt":{"rendered":"<p>Die rechtsextremen Straftaten nahmen in den letzten Jahren immer mehr zu und vor Ort sehen sich die Jusos immer st\u00c3\u00a4rker, mit der Rechtsradikalismusproblematik konfrontiert, deshalb haben sich rund 15 Vertreter [&hellip;]<\/p>\n","protected":false},"author":2,"featured_media":758,"comment_status":"open","ping_status":"open","sticky":false,"template":"","format":"standard","meta":{"_uag_custom_page_level_css":"","site-sidebar-layout":"default","site-content-layout":"","ast-site-content-layout":"default","site-content-style":"default","site-sidebar-style":"default","ast-global-header-display":"","ast-banner-title-visibility":"","ast-main-header-display":"","ast-hfb-above-header-display":"","ast-hfb-below-header-display":"","ast-hfb-mobile-header-display":"","site-post-title":"","ast-breadcrumbs-content":"","ast-featured-img":"","footer-sml-layout":"","ast-disable-related-posts":"","theme-transparent-header-meta":"","adv-header-id-meta":"","stick-header-meta":"","header-above-stick-meta":"","header-main-stick-meta":"","header-below-stick-meta":"","astra-migrate-meta-layouts":"default","ast-page-background-enabled":"default","ast-page-background-meta":{"desktop":{"background-color":"var(--ast-global-color-4)","background-image":"","background-repeat":"repeat","background-position":"center center","background-size":"auto","background-attachment":"scroll","background-type":"","background-media":"","overlay-type":"","overlay-color":"","overlay-opacity":"","overlay-gradient":""},"tablet":{"background-color":"","background-image":"","background-repeat":"repeat","background-position":"center center","background-size":"auto","background-attachment":"scroll","background-type":"","background-media":"","overlay-type":"","overlay-color":"","overlay-opacity":"","overlay-gradient":""},"mobile":{"background-color":"","background-image":"","background-repeat":"repeat","background-position":"center center","background-size":"auto","background-attachment":"scroll","background-type":"","background-media":"","overlay-type":"","overlay-color":"","overlay-opacity":"","overlay-gradient":""}},"ast-content-background-meta":{"desktop":{"background-color":"var(--ast-global-color-5)","background-image":"","background-repeat":"repeat","background-position":"center center","background-size":"auto","background-attachment":"scroll","background-type":"","background-media":"","overlay-type":"","overlay-color":"","overlay-opacity":"","overlay-gradient":""},"tablet":{"background-color":"var(--ast-global-color-5)","background-image":"","background-repeat":"repeat","background-position":"center center","background-size":"auto","background-attachment":"scroll","background-type":"","background-media":"","overlay-type":"","overlay-color":"","overlay-opacity":"","overlay-gradient":""},"mobile":{"background-color":"var(--ast-global-color-5)","background-image":"","background-repeat":"repeat","background-position":"center center","background-size":"auto","background-attachment":"scroll","background-type":"","background-media":"","overlay-type":"","overlay-color":"","overlay-opacity":"","overlay-gradient":""}},"footnotes":""},"categories":[19],"tags":[350],"class_list":["post-757","post","type-post","status-publish","format-standard","has-post-thumbnail","hentry","category-aus-der-region","tag-gegen-rechts"],"uagb_featured_image_src":{"full":["https:\/\/www.dasroteteam.de\/jusos\/wp-content\/uploads\/2013\/02\/strategie.jpg",500,375,false],"thumbnail":["https:\/\/www.dasroteteam.de\/jusos\/wp-content\/uploads\/2013\/02\/strategie-150x150.jpg",80,80,true],"medium":["https:\/\/www.dasroteteam.de\/jusos\/wp-content\/uploads\/2013\/02\/strategie-300x225.jpg",300,225,true],"medium_large":["https:\/\/www.dasroteteam.de\/jusos\/wp-content\/uploads\/2013\/02\/strategie.jpg",500,375,false],"large":["https:\/\/www.dasroteteam.de\/jusos\/wp-content\/uploads\/2013\/02\/strategie.jpg",500,375,false],"1536x1536":["https:\/\/www.dasroteteam.de\/jusos\/wp-content\/uploads\/2013\/02\/strategie.jpg",500,375,false],"2048x2048":["https:\/\/www.dasroteteam.de\/jusos\/wp-content\/uploads\/2013\/02\/strategie.jpg",500,375,false],"slide-thumbnail":["https:\/\/www.dasroteteam.de\/jusos\/wp-content\/uploads\/2013\/02\/strategie.jpg",500,375,false]},"uagb_author_info":{"display_name":"Redaktion","author_link":"https:\/\/www.dasroteteam.de\/jusos\/author\/vogelje\/"},"uagb_comment_info":0,"uagb_excerpt":"Die rechtsextremen Straftaten nahmen in den letzten Jahren immer mehr zu und vor Ort sehen sich die Jusos immer st\u00c3\u00a4rker, mit der Rechtsradikalismusproblematik konfrontiert, deshalb haben sich rund 15 Vertreter [&hellip;]","_links":{"self":[{"href":"https:\/\/www.dasroteteam.de\/jusos\/wp-json\/wp\/v2\/posts\/757","targetHints":{"allow":["GET"]}}],"collection":[{"href":"https:\/\/www.dasroteteam.de\/jusos\/wp-json\/wp\/v2\/posts"}],"about":[{"href":"https:\/\/www.dasroteteam.de\/jusos\/wp-json\/wp\/v2\/types\/post"}],"author":[{"embeddable":true,"href":"https:\/\/www.dasroteteam.de\/jusos\/wp-json\/wp\/v2\/users\/2"}],"replies":[{"embeddable":true,"href":"https:\/\/www.dasroteteam.de\/jusos\/wp-json\/wp\/v2\/comments?post=757"}],"version-history":[{"count":0,"href":"https:\/\/www.dasroteteam.de\/jusos\/wp-json\/wp\/v2\/posts\/757\/revisions"}],"wp:featuredmedia":[{"embeddable":true,"href":"https:\/\/www.dasroteteam.de\/jusos\/wp-json\/wp\/v2\/media\/758"}],"wp:attachment":[{"href":"https:\/\/www.dasroteteam.de\/jusos\/wp-json\/wp\/v2\/media?parent=757"}],"wp:term":[{"taxonomy":"category","embeddable":true,"href":"https:\/\/www.dasroteteam.de\/jusos\/wp-json\/wp\/v2\/categories?post=757"},{"taxonomy":"post_tag","embeddable":true,"href":"https:\/\/www.dasroteteam.de\/jusos\/wp-json\/wp\/v2\/tags?post=757"}],"curies":[{"name":"wp","href":"https:\/\/api.w.org\/{rel}","templated":true}]}}