{"id":746,"date":"2008-02-22T04:20:48","date_gmt":"2008-02-22T02:20:48","guid":{"rendered":"https:\/\/www.dasroteteam.de\/jusos\/?p=746"},"modified":"2013-02-17T04:22:53","modified_gmt":"2013-02-17T02:22:53","slug":"graffiti-ist-kunst-und-braucht-freiraume","status":"publish","type":"post","link":"https:\/\/www.dasroteteam.de\/jusos\/2008\/02\/22\/graffiti-ist-kunst-und-braucht-freiraume\/","title":{"rendered":"Graffiti ist Kunst und braucht Freir\u00c3\u00a4ume"},"content":{"rendered":"<div>\n<p>Zu dem Graffiti an der Weser-Eisenbahnbr\u00c3\u00bccke und der Einleitung eines Strafverfahrens gegen dort von der Polizei aufgegriffene Jugendlichen erkl\u00c3\u00a4rt der stellv. Vorsitzende der Jusos Bad Oeynhausen und der M\u00c3\u00bchlenkreis-Jusos\u00c2\u00a0<strong>Jens Vogel<\/strong>:<\/p>\n<p>F\u00c3\u00bcr die Einen ist es eine Kunstform, f\u00c3\u00bcr die Anderen ist es Vandalismus \u00e2\u20ac\u201c Die Rede ist von Graffiti. In fast jeder Stadt sind diese kleinen Kunstwerke an vielen grauen Hausmauern zu sehen, aber oft findet man darunter auch sinnlose Schmiererein, die mit der Graffiti-Kultur nichts gemein haben. Auch in Bad Oeynhausen findet man an vielen Orten Graffitis in Form von Signaturen, sog. Tags oder in Form von richtigen Kunstwerken an den H\u00c3\u00a4userw\u00c3\u00a4nden.<\/p>\n<p>Auch an der Weser-Eisenbahnbr\u00c3\u00bccke waren die \u00e2\u20ac\u017eFreunde der schnellen Dose\u00e2\u20ac\u0153 unterwegs und haben dort ein \u00e2\u20ac\u017eechtes Kunstwerk\u00e2\u20ac\u0153 auf die Betonmauer gebracht und daf\u00c3\u00bcr soll nun ein Strafverfahren gegen Jugendliche eingeleitet werden, die von der Polizei vor einiger Zeit an der Br\u00c3\u00bccke aufgegriffen wurden und falls ihnen nachgewiesen werden kann, dass sie f\u00c3\u00bcr die Graffitis verantwortlich sind, mit einen hohen Strafma\u00c3\u0178 zu rechnen haben.<\/p>\n<\/div>\n<div>\n<p>\u00e2\u20ac\u017eAnstatt staatlicher repressiver Ma\u00c3\u0178nahmen wie h\u00c3\u00b6here Geldstrafen, die kaum Auswirkungen haben oder Freiheitsstrafen f\u00c3\u00bcr Sprayer, brauchen wir eine sachliche Debatte \u00c3\u00bcber die Entfaltungsm\u00c3\u00b6glichkeiten f\u00c3\u00bcr die Sprayer, auch hier in Bad Oeynhausen\u00e2\u20ac\u0153, so Jens Vogel, der stellv. Vorsitzende der Jusos Bad Oeynhausen und der Kreis-Jusos.<\/p>\n<p>\u00e2\u20ac\u0153Graffiti ist ein Ausdruck einer weltweiten Jugendkultur, die es seit \u00c3\u00bcber 30 Jahren gibt, und diese muss endlich als Kulturform anerkannt und gef\u00c3\u00b6rdert werden, anstatt zu kriminalisieren\u00e2\u20ac\u0153, so Jens Vogel weiter und fordert von Seiten der Stadtverwaltung, die Schaffung von legaler Fl\u00c3\u00a4chen in Bad Oeynhausen, \u00e2\u20ac\u017edamit sich die Jugendlichen frei entfalten k\u00c3\u00b6nnen und damit es nicht mehr zu illegalen Sprayaktionen, wie zu letzt an der Weser-Eisenbahnbr\u00c3\u00bccke oder im Sielpark und damit zu Sachbesch\u00c3\u00a4digungen an fremden Eigentum kommt.\u00e2\u20ac\u0153<\/p>\n<p>\u00e2\u20ac\u017eAuch in anderen Teilen des Kreises ist die Graffiti-Kultur ein Thema, so Jens Vogel und verweist auf die Graffiti-Aktion der Jusos aus Porta Westfalica: \u00e2\u20ac\u017eDort soll zusammen mit Sponsoren und der Stadt Porta Westfalica legale Fl\u00c3\u00a4chen geschaffen werden und dies k\u00c3\u00b6nnte man so auch in Bad Oeynhausen umsetzen, so Jens Vogel und f\u00c3\u00bcgt hinzu, dass man damit dem Stadtbild eine indivduelle Note geben k\u00c3\u00b6nnte, wenn die Fl\u00c3\u00a4chen an gut sichtbaren Orten wie z.B. im Sielpark oder im Umfeld des Parkhauses \u00e2\u20ac\u017eAm S\u00c3\u00bcltebusch\u00e2\u20ac\u0153 geschaffen werden k\u00c3\u00b6nnten \u00e2\u20ac\u201c \u00e2\u20ac\u017eRaus aus den dunklen Ecken \u00e2\u20ac\u201c Rein in die \u00c3\u00b6ffentliche Wahrnehmung\u00e2\u20ac\u0153, so Jens Vogel abschlie\u00c3\u0178end.<\/p>\n<\/div>\n","protected":false},"excerpt":{"rendered":"<p>Zu dem Graffiti an der Weser-Eisenbahnbr\u00c3\u00bccke und der Einleitung eines Strafverfahrens gegen dort von der Polizei aufgegriffene Jugendlichen erkl\u00c3\u00a4rt der stellv. Vorsitzende der Jusos Bad Oeynhausen und der M\u00c3\u00bchlenkreis-Jusos\u00c2\u00a0Jens Vogel: [&hellip;]<\/p>\n","protected":false},"author":2,"featured_media":0,"comment_status":"open","ping_status":"open","sticky":false,"template":"","format":"standard","meta":{"_uag_custom_page_level_css":"","site-sidebar-layout":"default","site-content-layout":"","ast-site-content-layout":"default","site-content-style":"default","site-sidebar-style":"default","ast-global-header-display":"","ast-banner-title-visibility":"","ast-main-header-display":"","ast-hfb-above-header-display":"","ast-hfb-below-header-display":"","ast-hfb-mobile-header-display":"","site-post-title":"","ast-breadcrumbs-content":"","ast-featured-img":"","footer-sml-layout":"","ast-disable-related-posts":"","theme-transparent-header-meta":"","adv-header-id-meta":"","stick-header-meta":"","header-above-stick-meta":"","header-main-stick-meta":"","header-below-stick-meta":"","astra-migrate-meta-layouts":"default","ast-page-background-enabled":"default","ast-page-background-meta":{"desktop":{"background-color":"var(--ast-global-color-4)","background-image":"","background-repeat":"repeat","background-position":"center center","background-size":"auto","background-attachment":"scroll","background-type":"","background-media":"","overlay-type":"","overlay-color":"","overlay-opacity":"","overlay-gradient":""},"tablet":{"background-color":"","background-image":"","background-repeat":"repeat","background-position":"center center","background-size":"auto","background-attachment":"scroll","background-type":"","background-media":"","overlay-type":"","overlay-color":"","overlay-opacity":"","overlay-gradient":""},"mobile":{"background-color":"","background-image":"","background-repeat":"repeat","background-position":"center center","background-size":"auto","background-attachment":"scroll","background-type":"","background-media":"","overlay-type":"","overlay-color":"","overlay-opacity":"","overlay-gradient":""}},"ast-content-background-meta":{"desktop":{"background-color":"var(--ast-global-color-5)","background-image":"","background-repeat":"repeat","background-position":"center center","background-size":"auto","background-attachment":"scroll","background-type":"","background-media":"","overlay-type":"","overlay-color":"","overlay-opacity":"","overlay-gradient":""},"tablet":{"background-color":"var(--ast-global-color-5)","background-image":"","background-repeat":"repeat","background-position":"center center","background-size":"auto","background-attachment":"scroll","background-type":"","background-media":"","overlay-type":"","overlay-color":"","overlay-opacity":"","overlay-gradient":""},"mobile":{"background-color":"var(--ast-global-color-5)","background-image":"","background-repeat":"repeat","background-position":"center center","background-size":"auto","background-attachment":"scroll","background-type":"","background-media":"","overlay-type":"","overlay-color":"","overlay-opacity":"","overlay-gradient":""}},"footnotes":""},"categories":[8,21,5,4],"tags":[168,137],"class_list":["post-746","post","type-post","status-publish","format-standard","hentry","category-ag-bad-oeynhausen","category-aus-dem-ub","category-aus-den-agn","category-presse-news","tag-freiflachen","tag-graffiti"],"uagb_featured_image_src":{"full":false,"thumbnail":false,"medium":false,"medium_large":false,"large":false,"1536x1536":false,"2048x2048":false,"slide-thumbnail":false},"uagb_author_info":{"display_name":"Redaktion","author_link":"https:\/\/www.dasroteteam.de\/jusos\/author\/vogelje\/"},"uagb_comment_info":0,"uagb_excerpt":"Zu dem Graffiti an der Weser-Eisenbahnbr\u00c3\u00bccke und der Einleitung eines Strafverfahrens gegen dort von der Polizei aufgegriffene Jugendlichen erkl\u00c3\u00a4rt der stellv. Vorsitzende der Jusos Bad Oeynhausen und der M\u00c3\u00bchlenkreis-Jusos\u00c2\u00a0Jens Vogel: [&hellip;]","_links":{"self":[{"href":"https:\/\/www.dasroteteam.de\/jusos\/wp-json\/wp\/v2\/posts\/746","targetHints":{"allow":["GET"]}}],"collection":[{"href":"https:\/\/www.dasroteteam.de\/jusos\/wp-json\/wp\/v2\/posts"}],"about":[{"href":"https:\/\/www.dasroteteam.de\/jusos\/wp-json\/wp\/v2\/types\/post"}],"author":[{"embeddable":true,"href":"https:\/\/www.dasroteteam.de\/jusos\/wp-json\/wp\/v2\/users\/2"}],"replies":[{"embeddable":true,"href":"https:\/\/www.dasroteteam.de\/jusos\/wp-json\/wp\/v2\/comments?post=746"}],"version-history":[{"count":0,"href":"https:\/\/www.dasroteteam.de\/jusos\/wp-json\/wp\/v2\/posts\/746\/revisions"}],"wp:attachment":[{"href":"https:\/\/www.dasroteteam.de\/jusos\/wp-json\/wp\/v2\/media?parent=746"}],"wp:term":[{"taxonomy":"category","embeddable":true,"href":"https:\/\/www.dasroteteam.de\/jusos\/wp-json\/wp\/v2\/categories?post=746"},{"taxonomy":"post_tag","embeddable":true,"href":"https:\/\/www.dasroteteam.de\/jusos\/wp-json\/wp\/v2\/tags?post=746"}],"curies":[{"name":"wp","href":"https:\/\/api.w.org\/{rel}","templated":true}]}}