{"id":722,"date":"2009-07-31T01:51:38","date_gmt":"2009-07-30T23:51:38","guid":{"rendered":"https:\/\/www.dasroteteam.de\/jusos\/?p=722"},"modified":"2013-02-15T01:53:14","modified_gmt":"2013-02-14T23:53:14","slug":"jusos-begrusen-oeynhausener-fairnessabkommen","status":"publish","type":"post","link":"https:\/\/www.dasroteteam.de\/jusos\/2009\/07\/31\/jusos-begrusen-oeynhausener-fairnessabkommen\/","title":{"rendered":"Jusos begr\u00c3\u00bc\u00c3\u0178en Oeynhausener-Fairnessabkommen"},"content":{"rendered":"<div>\n<p><strong>Zum Abschluss eines \u00e2\u20ac\u0153Fairnessabkommens zur Kommunalwahl&#8220; erkl\u00c3\u00a4rt der stellv. Vorsitzender der Jusos Minden-L\u00c3\u00bcbbecke\/Bad Oeynhausen Jens Vogel:<\/strong><\/p>\n<figure id=\"attachment_723\" aria-describedby=\"caption-attachment-723\" style=\"width: 200px\" class=\"wp-caption alignleft\"><a href=\"https:\/\/www.dasroteteam.de\/jusos\/wp-content\/uploads\/2013\/02\/fairp.jpg\" rel=\"lightbox[722]\"><img decoding=\"async\" class=\"size-full wp-image-723\" alt=\"Foto: S. Hofschlaeger\/pixelio.de\" src=\"https:\/\/www.dasroteteam.de\/jusos\/wp-content\/uploads\/2013\/02\/fairp.jpg\" width=\"200\" height=\"133\" \/><\/a><figcaption id=\"caption-attachment-723\" class=\"wp-caption-text\">Foto: S. Hofschlaeger\/pixelio.de<\/figcaption><\/figure>\n<p>Die Jusos begr\u00c3\u00bc\u00c3\u0178en den Abschluss eines \u00e2\u20ac\u0153Fairnessabkommens zur Kommunalwahl\u00e2\u20ac\u009d der Parteien in Bad Oeynhausen. Den Wahlkampf muss man als eine Art sportlichen Wettkampf sehen und im Sport gelten Regeln damit niemand benachteiligt wird, aber auch fair miteinander umgegangen wird.<\/p>\n<p>Dies gilt auch f\u00c3\u00bcr den politischen Wettkampf um die Mehrheit im Kommunalparlament \u00e2\u20ac\u201c In diesem Wettkampf sollte mit Zielen um die W\u00c3\u00a4hlerstimmen gek\u00c3\u00a4mpft werden und nicht mit verbalen Tiefschl\u00c3\u00a4gen, Unterstellungen und Verdrehungen, um den politischen Gegner zu diskreditieren.<\/p>\n<p>Die Parteien die das Fairnessabkommen unterzeichnet haben, haben bereits in den Wochen und Monaten zuvor einen sachlichen Umgang im politischen Gesch\u00c3\u00a4ft gepflegt und haben nicht mit verbalen Tiefschl\u00c3\u00a4gen versucht den politischen Gegner zu diskreditieren, wie es eine andere politische Gruppierung, Namens BBO, seit Monaten und schon seit Jahren vor ihrer Gr\u00c3\u00bcndung versucht.<\/p>\n<\/div>\n<div>\n<p>Man kann und darf unterschiedlicher Meinung zu bestimmten Bereichen sein, aber dies muss man in sachlicher Art und Weise \u00c3\u00a4u\u00c3\u0178ern und nicht mit St\u00c3\u00b6raktionen im Stadtparlament, verbalen Tiefschl\u00c3\u00a4gen in Leserbriefen oder mit Beleidigungen in Kommentaren auf der Internetseiten der BBO\/Notgemeinschaft.<\/p>\n<p>Solange solche verbalen Tiefschl\u00c3\u00a4ge in Leserbriefen, in Kommentaren auf der Internetseite und im normalen Umgang von Seiten der BBO gepflegt wird, w\u00c3\u00a4re eine Unterschrift unter dem Fairnessabkommen keinen Cent wert. Aber es liegt an der BBO selbst und die T\u00c3\u00bcr steht immer noch offen.<\/p>\n<p>Auch \u00c3\u00bcber die Kommunalwahl hinaus sollte ein Fairnessabkommen aller Parteien, die nach der Kommunalwahl im Stadtparlament verteten sind, geschlossen werden, in der ein fairer und sachlicher Umgang in den n\u00c3\u00a4chsten 5 Jahren im Stadtparlament und dar\u00c3\u00bcber hinaus vereinbart wird \u00e2\u20ac\u201c Die sollte besonders der Umgang der Stadtr\u00c3\u00a4te untereinander umfassen und gerade bei diesen Punkt, sollte entsprechende Sanktionen bei Verst\u00c3\u00b6\u00c3\u0178en im Fairnessabkommen festgeschrieben werden.<\/p>\n<p>Politik sollte ein Wettkampf der unterschiedlichen Positionen und Konzepte sein, der fair und sachlich ablaufen soll und nicht mit unfairen, polemischen und beleidigenden Mitteln torpediert werden darf, so Jens Vogel abschlie\u00c3\u0178end.<\/p>\n<\/div>\n","protected":false},"excerpt":{"rendered":"<p>Zum Abschluss eines \u00e2\u20ac\u0153Fairnessabkommens zur Kommunalwahl&#8220; erkl\u00c3\u00a4rt der stellv. Vorsitzender der Jusos Minden-L\u00c3\u00bcbbecke\/Bad Oeynhausen Jens Vogel: Die Jusos begr\u00c3\u00bc\u00c3\u0178en den Abschluss eines \u00e2\u20ac\u0153Fairnessabkommens zur Kommunalwahl\u00e2\u20ac\u009d der Parteien in Bad Oeynhausen. [&hellip;]<\/p>\n","protected":false},"author":2,"featured_media":723,"comment_status":"open","ping_status":"open","sticky":false,"template":"","format":"standard","meta":{"_uag_custom_page_level_css":"","site-sidebar-layout":"default","site-content-layout":"","ast-site-content-layout":"default","site-content-style":"default","site-sidebar-style":"default","ast-global-header-display":"","ast-banner-title-visibility":"","ast-main-header-display":"","ast-hfb-above-header-display":"","ast-hfb-below-header-display":"","ast-hfb-mobile-header-display":"","site-post-title":"","ast-breadcrumbs-content":"","ast-featured-img":"","footer-sml-layout":"","ast-disable-related-posts":"","theme-transparent-header-meta":"","adv-header-id-meta":"","stick-header-meta":"","header-above-stick-meta":"","header-main-stick-meta":"","header-below-stick-meta":"","astra-migrate-meta-layouts":"default","ast-page-background-enabled":"default","ast-page-background-meta":{"desktop":{"background-color":"var(--ast-global-color-4)","background-image":"","background-repeat":"repeat","background-position":"center center","background-size":"auto","background-attachment":"scroll","background-type":"","background-media":"","overlay-type":"","overlay-color":"","overlay-opacity":"","overlay-gradient":""},"tablet":{"background-color":"","background-image":"","background-repeat":"repeat","background-position":"center center","background-size":"auto","background-attachment":"scroll","background-type":"","background-media":"","overlay-type":"","overlay-color":"","overlay-opacity":"","overlay-gradient":""},"mobile":{"background-color":"","background-image":"","background-repeat":"repeat","background-position":"center center","background-size":"auto","background-attachment":"scroll","background-type":"","background-media":"","overlay-type":"","overlay-color":"","overlay-opacity":"","overlay-gradient":""}},"ast-content-background-meta":{"desktop":{"background-color":"var(--ast-global-color-5)","background-image":"","background-repeat":"repeat","background-position":"center center","background-size":"auto","background-attachment":"scroll","background-type":"","background-media":"","overlay-type":"","overlay-color":"","overlay-opacity":"","overlay-gradient":""},"tablet":{"background-color":"var(--ast-global-color-5)","background-image":"","background-repeat":"repeat","background-position":"center center","background-size":"auto","background-attachment":"scroll","background-type":"","background-media":"","overlay-type":"","overlay-color":"","overlay-opacity":"","overlay-gradient":""},"mobile":{"background-color":"var(--ast-global-color-5)","background-image":"","background-repeat":"repeat","background-position":"center center","background-size":"auto","background-attachment":"scroll","background-type":"","background-media":"","overlay-type":"","overlay-color":"","overlay-opacity":"","overlay-gradient":""}},"footnotes":""},"categories":[8,21,5,4],"tags":[117],"class_list":["post-722","post","type-post","status-publish","format-standard","has-post-thumbnail","hentry","category-ag-bad-oeynhausen","category-aus-dem-ub","category-aus-den-agn","category-presse-news","tag-wahlkampf"],"uagb_featured_image_src":{"full":["https:\/\/www.dasroteteam.de\/jusos\/wp-content\/uploads\/2013\/02\/fairp.jpg",200,133,false],"thumbnail":["https:\/\/www.dasroteteam.de\/jusos\/wp-content\/uploads\/2013\/02\/fairp-150x133.jpg",80,71,true],"medium":["https:\/\/www.dasroteteam.de\/jusos\/wp-content\/uploads\/2013\/02\/fairp.jpg",200,133,false],"medium_large":["https:\/\/www.dasroteteam.de\/jusos\/wp-content\/uploads\/2013\/02\/fairp.jpg",200,133,false],"large":["https:\/\/www.dasroteteam.de\/jusos\/wp-content\/uploads\/2013\/02\/fairp.jpg",200,133,false],"1536x1536":["https:\/\/www.dasroteteam.de\/jusos\/wp-content\/uploads\/2013\/02\/fairp.jpg",200,133,false],"2048x2048":["https:\/\/www.dasroteteam.de\/jusos\/wp-content\/uploads\/2013\/02\/fairp.jpg",200,133,false],"slide-thumbnail":["https:\/\/www.dasroteteam.de\/jusos\/wp-content\/uploads\/2013\/02\/fairp.jpg",200,133,false]},"uagb_author_info":{"display_name":"Redaktion","author_link":"https:\/\/www.dasroteteam.de\/jusos\/author\/vogelje\/"},"uagb_comment_info":0,"uagb_excerpt":"Zum Abschluss eines \u00e2\u20ac\u0153Fairnessabkommens zur Kommunalwahl&#8220; erkl\u00c3\u00a4rt der stellv. Vorsitzender der Jusos Minden-L\u00c3\u00bcbbecke\/Bad Oeynhausen Jens Vogel: Die Jusos begr\u00c3\u00bc\u00c3\u0178en den Abschluss eines \u00e2\u20ac\u0153Fairnessabkommens zur Kommunalwahl\u00e2\u20ac\u009d der Parteien in Bad Oeynhausen. [&hellip;]","_links":{"self":[{"href":"https:\/\/www.dasroteteam.de\/jusos\/wp-json\/wp\/v2\/posts\/722","targetHints":{"allow":["GET"]}}],"collection":[{"href":"https:\/\/www.dasroteteam.de\/jusos\/wp-json\/wp\/v2\/posts"}],"about":[{"href":"https:\/\/www.dasroteteam.de\/jusos\/wp-json\/wp\/v2\/types\/post"}],"author":[{"embeddable":true,"href":"https:\/\/www.dasroteteam.de\/jusos\/wp-json\/wp\/v2\/users\/2"}],"replies":[{"embeddable":true,"href":"https:\/\/www.dasroteteam.de\/jusos\/wp-json\/wp\/v2\/comments?post=722"}],"version-history":[{"count":0,"href":"https:\/\/www.dasroteteam.de\/jusos\/wp-json\/wp\/v2\/posts\/722\/revisions"}],"wp:featuredmedia":[{"embeddable":true,"href":"https:\/\/www.dasroteteam.de\/jusos\/wp-json\/wp\/v2\/media\/723"}],"wp:attachment":[{"href":"https:\/\/www.dasroteteam.de\/jusos\/wp-json\/wp\/v2\/media?parent=722"}],"wp:term":[{"taxonomy":"category","embeddable":true,"href":"https:\/\/www.dasroteteam.de\/jusos\/wp-json\/wp\/v2\/categories?post=722"},{"taxonomy":"post_tag","embeddable":true,"href":"https:\/\/www.dasroteteam.de\/jusos\/wp-json\/wp\/v2\/tags?post=722"}],"curies":[{"name":"wp","href":"https:\/\/api.w.org\/{rel}","templated":true}]}}