{"id":720,"date":"2009-11-11T01:50:16","date_gmt":"2009-11-10T23:50:16","guid":{"rendered":"https:\/\/www.dasroteteam.de\/jusos\/?p=720"},"modified":"2013-02-15T01:50:58","modified_gmt":"2013-02-14T23:50:58","slug":"fur-ein-gerechtes-und-chancengleiches-bildungssystem","status":"publish","type":"post","link":"https:\/\/www.dasroteteam.de\/jusos\/2009\/11\/11\/fur-ein-gerechtes-und-chancengleiches-bildungssystem\/","title":{"rendered":"&#8222;F\u00c3\u00bcr ein gerechtes und chancengleiches Bildungssystem&#8220;"},"content":{"rendered":"<div>\n<p><strong>Zur Besetzung des Audimax an der Universit\u00c3\u00a4t Bielefeld erkl\u00c3\u00a4rt Jens Vogel, stellv. Vorsitzender der Jusos Minden-L\u00c3\u00bcbbecke und bildungspolitischer Sprecher:<\/strong><\/p>\n<p>Seit Mittwoch Mittag (11.11.2009) ist das Audimax der Universit\u00c3\u00a4t Bielefeld besetzt. Die Jusos Minden-L\u00c3\u00bcbbecke solidarisieren sich ausdr\u00c3\u00bccklich mit den Besetzerinnen und Besetzern an der Universit\u00c3\u00a4t Bielefeld und an den anderen Universit\u00c3\u00a4ten in Deutschland.<\/p>\n<p>Anlass f\u00c3\u00bcr die Besetzung ist der Protest der Studierenden \u00c3\u2013sterreichs, die seit zwei Wochen bereits H\u00c3\u00b6rs\u00c3\u00a4ale aus Protest gegen die \u00c3\u2013konomisierung der Universit\u00c3\u00a4ten, Bildungsgeb\u00c3\u00bchren und die schlechte Umsetzung von Bachelor\/Master besetzt halten.Diese Missst\u00c3\u00a4nde existieren ebenso an den Universit\u00c3\u00a4ten in Deutschland und so auch an der Universit\u00c3\u00a4t in Bielefeld!<\/p>\n<p>Der Bildungsstreik mit \u00c3\u00bcber 270.000 Demonstrierenden in diesem Sommer hat gezeigt, dass die in den letzten Jahren durchgef\u00c3\u00bchrten, drastischen Ver\u00c3\u00a4nderungen im deutschen Bildungssystem nicht kommentarlos hingenommen werden. Leider hat sich seitdem au\u00c3\u0178er blo\u00c3\u0178en Willenserkl\u00c3\u00a4rungen der politischen Akteure nichts an der Situation verbessert. Die Besetzungen an der Universit\u00c3\u00a4t in Bielefeld sind deshalb der folgerichtige Schluss der bisherigen Verweigerung, konkrete Verbesserungen der derzeitigen Situation herbeizuf\u00c3\u00bchren.<\/p>\n<\/div>\n<div>\n<p>Die \u00c3\u2013konomisierung von Bildung auch in Deutschland muss endlich gestoppt, die \u00c3\u00b6ffentliche Finanzierung aller Bildungseinrichtungen von der Kita bis zur Hochschule deutlich ausgebaut und die Bildung kostenfrei und mit gleichen Chancen f\u00c3\u00bcr alle zug\u00c3\u00a4nglich gemacht werden muss. Um dies zu erreichen, fordern wir die Abschaffung s\u00c3\u00a4mtlicher Bildungsgeb\u00c3\u00bchren von der Kita bis zur Hochschule und eine St\u00c3\u00a4rkung der demokratischen Mit- und Selbstverwaltungsstrukturen.<\/p>\n<p>Die aktuellen Besetzungen und der bundesweite Bildungsstreik am 17. November 2009 dienen dazu, den Forderungen der Sch\u00c3\u00bclerInnen und Studenten\/Studentinnen Nachdruck zu verleihen und den politischen Akteuren zu zeigen, dass sie sich nicht vor der Realit\u00c3\u00a4t verschlie\u00c3\u0178en k\u00c3\u00b6nnen.<\/p>\n<p><strong>Am 17. November 2009 beteiligt das &#8222;B\u00c3\u00bcndnis f\u00c3\u00bcr sozial-gerechte Bildung Minden-L\u00c3\u00bcbbecke&#8220; sich ebenfalls am Bildungsstreik.<\/strong><\/p>\n<p><strong><\/strong><strong>Weitere Infos auf der Webseite des B\u00c3\u00bcndnisses:\u00c2\u00a0<a href=\"http:\/\/gerechtebildung.blogsport.de\/\" target=\"_blank\">http:\/\/gerechtebildung.blogsport.de<\/a><\/strong><\/p>\n<\/div>\n","protected":false},"excerpt":{"rendered":"<p>Zur Besetzung des Audimax an der Universit\u00c3\u00a4t Bielefeld erkl\u00c3\u00a4rt Jens Vogel, stellv. Vorsitzender der Jusos Minden-L\u00c3\u00bcbbecke und bildungspolitischer Sprecher: Seit Mittwoch Mittag (11.11.2009) ist das Audimax der Universit\u00c3\u00a4t Bielefeld besetzt. [&hellip;]<\/p>\n","protected":false},"author":2,"featured_media":0,"comment_status":"open","ping_status":"open","sticky":false,"template":"","format":"standard","meta":{"_uag_custom_page_level_css":"","site-sidebar-layout":"default","site-content-layout":"","ast-site-content-layout":"default","site-content-style":"default","site-sidebar-style":"default","ast-global-header-display":"","ast-banner-title-visibility":"","ast-main-header-display":"","ast-hfb-above-header-display":"","ast-hfb-below-header-display":"","ast-hfb-mobile-header-display":"","site-post-title":"","ast-breadcrumbs-content":"","ast-featured-img":"","footer-sml-layout":"","ast-disable-related-posts":"","theme-transparent-header-meta":"","adv-header-id-meta":"","stick-header-meta":"","header-above-stick-meta":"","header-main-stick-meta":"","header-below-stick-meta":"","astra-migrate-meta-layouts":"default","ast-page-background-enabled":"default","ast-page-background-meta":{"desktop":{"background-color":"var(--ast-global-color-4)","background-image":"","background-repeat":"repeat","background-position":"center center","background-size":"auto","background-attachment":"scroll","background-type":"","background-media":"","overlay-type":"","overlay-color":"","overlay-opacity":"","overlay-gradient":""},"tablet":{"background-color":"","background-image":"","background-repeat":"repeat","background-position":"center center","background-size":"auto","background-attachment":"scroll","background-type":"","background-media":"","overlay-type":"","overlay-color":"","overlay-opacity":"","overlay-gradient":""},"mobile":{"background-color":"","background-image":"","background-repeat":"repeat","background-position":"center center","background-size":"auto","background-attachment":"scroll","background-type":"","background-media":"","overlay-type":"","overlay-color":"","overlay-opacity":"","overlay-gradient":""}},"ast-content-background-meta":{"desktop":{"background-color":"var(--ast-global-color-5)","background-image":"","background-repeat":"repeat","background-position":"center center","background-size":"auto","background-attachment":"scroll","background-type":"","background-media":"","overlay-type":"","overlay-color":"","overlay-opacity":"","overlay-gradient":""},"tablet":{"background-color":"var(--ast-global-color-5)","background-image":"","background-repeat":"repeat","background-position":"center center","background-size":"auto","background-attachment":"scroll","background-type":"","background-media":"","overlay-type":"","overlay-color":"","overlay-opacity":"","overlay-gradient":""},"mobile":{"background-color":"var(--ast-global-color-5)","background-image":"","background-repeat":"repeat","background-position":"center center","background-size":"auto","background-attachment":"scroll","background-type":"","background-media":"","overlay-type":"","overlay-color":"","overlay-opacity":"","overlay-gradient":""}},"footnotes":""},"categories":[21,4],"tags":[94],"class_list":["post-720","post","type-post","status-publish","format-standard","hentry","category-aus-dem-ub","category-presse-news","tag-bildung"],"uagb_featured_image_src":{"full":false,"thumbnail":false,"medium":false,"medium_large":false,"large":false,"1536x1536":false,"2048x2048":false,"slide-thumbnail":false},"uagb_author_info":{"display_name":"Redaktion","author_link":"https:\/\/www.dasroteteam.de\/jusos\/author\/vogelje\/"},"uagb_comment_info":0,"uagb_excerpt":"Zur Besetzung des Audimax an der Universit\u00c3\u00a4t Bielefeld erkl\u00c3\u00a4rt Jens Vogel, stellv. Vorsitzender der Jusos Minden-L\u00c3\u00bcbbecke und bildungspolitischer Sprecher: Seit Mittwoch Mittag (11.11.2009) ist das Audimax der Universit\u00c3\u00a4t Bielefeld besetzt. [&hellip;]","_links":{"self":[{"href":"https:\/\/www.dasroteteam.de\/jusos\/wp-json\/wp\/v2\/posts\/720","targetHints":{"allow":["GET"]}}],"collection":[{"href":"https:\/\/www.dasroteteam.de\/jusos\/wp-json\/wp\/v2\/posts"}],"about":[{"href":"https:\/\/www.dasroteteam.de\/jusos\/wp-json\/wp\/v2\/types\/post"}],"author":[{"embeddable":true,"href":"https:\/\/www.dasroteteam.de\/jusos\/wp-json\/wp\/v2\/users\/2"}],"replies":[{"embeddable":true,"href":"https:\/\/www.dasroteteam.de\/jusos\/wp-json\/wp\/v2\/comments?post=720"}],"version-history":[{"count":0,"href":"https:\/\/www.dasroteteam.de\/jusos\/wp-json\/wp\/v2\/posts\/720\/revisions"}],"wp:attachment":[{"href":"https:\/\/www.dasroteteam.de\/jusos\/wp-json\/wp\/v2\/media?parent=720"}],"wp:term":[{"taxonomy":"category","embeddable":true,"href":"https:\/\/www.dasroteteam.de\/jusos\/wp-json\/wp\/v2\/categories?post=720"},{"taxonomy":"post_tag","embeddable":true,"href":"https:\/\/www.dasroteteam.de\/jusos\/wp-json\/wp\/v2\/tags?post=720"}],"curies":[{"name":"wp","href":"https:\/\/api.w.org\/{rel}","templated":true}]}}