{"id":657,"date":"2008-11-06T00:34:35","date_gmt":"2008-11-05T22:34:35","guid":{"rendered":"https:\/\/www.dasroteteam.de\/jusos\/?p=657"},"modified":"2013-02-15T00:35:50","modified_gmt":"2013-02-14T22:35:50","slug":"die-landesregierung-muss-beim-hdj-verbot-farbe-bekennen","status":"publish","type":"post","link":"https:\/\/www.dasroteteam.de\/jusos\/2008\/11\/06\/die-landesregierung-muss-beim-hdj-verbot-farbe-bekennen\/","title":{"rendered":"Die Landesregierung muss beim &#8222;HDJ-Verbot&#8220; Farbe bekennen"},"content":{"rendered":"<p><em><strong>Zum &#8222;Nein-Votum&#8220; der Fraktionen der Landesregierung im Innenausschuss zum SPD-Antrag zum HDJ-Verbot erkl\u00c3\u00a4rt der stellv. Vorsitzende der Jusos Minden-L\u00c3\u00bcbbecke Jens Vogel:<\/strong><\/em><\/p>\n<p>Im Oktober f\u00c3\u00bchrte das Bundesinnenministerium bundesweite Durchsuchungen von Einrichtungen der rechtsextremistischen Jugendvereinigung &#8222;Heimattreuen Deutschen Jugend&#8220;, kurz &#8222;HDJ&#8220; durch.<\/p>\n<p>Die besondere Gefahr durch die HDJ liegt in ihrer Funktion als neonazistische Ausbildungsorganisation, getarnt als Freizeitcamps f\u00c3\u00bcr Kinder und Jugendliche, eines dieser Camps fand in Preu\u00c3\u0178isch-Str\u00c3\u00b6hen (Rahden) statt, um diese bereits im fr\u00c3\u00bchesten Alter in antisemitischer und v\u00c3\u00b6lkischer Ideologie zu unterrichten und damit fr\u00c3\u00bchzeitig an die rechte Szene zu binden. Die HDJ hat einen paramilit\u00c3\u00a4rischen und verfassungsfeindlichen Charakter und es gibt enge Verbindungen der HDJ zur NPD und zur neonazistischen Kameradschaftsszene.<\/p>\n<div>\n<p>Bereits im August 2008 forderte die SPD-Landtagsfraktion in einen\u00c2\u00a0<a href=\"http:\/\/www.landtag.nrw.de\/portal\/WWW\/dokumentenarchiv\/Dokument?Id=MMD14\/7355\"><strong><em>Antrag<\/em><\/strong><\/a>, die schwarz-gelbe Landesregierung auf, sich beim Bundesinnenminister Sch\u00c3\u00a4uble f\u00c3\u00bcr ein Verbot einzusetzen.<\/p>\n<p>In der\u00c2\u00a0<a href=\"http:\/\/www.landtag.nrw.de\/portal\/WWW\/dokumentenarchiv\/Dokument\/MME14-1323.html\"><strong><em>letzten Sitzung<\/em><\/strong><\/a>\u00c2\u00a0des Innenausschusses des nordrhein-westf\u00c3\u00a4lischen Landtages, am 30.10.2008, lehnten die Ausschussmitglieder von CDU und FDP den Antrag der SPD-Landtagsfraktion ab.<\/p>\n<p>Dass die schwarz-gelbe Landesregierung auf dem rechten Auge blind zu sein scheint, kann man an der Einsch\u00c3\u00a4tzung des Innenministers Ingo Wolf (FDP) zur &#8222;HDJ&#8220; als Nachfolge einer verbotenen Organisation sehen: Obwohl z.B die FDP-Bundestagsfraktion in ihrem Verbotsantrag f\u00c3\u00bcr die &#8222;HDJ&#8220; vom 25.06.2008 den Verdacht hegt, dass es sich bei der &#8222;HDJ&#8220; um eine Nachfolgeorganisation der verbotenen &#8222;Wiking Jugend&#8220;, kurz &#8222;WJ&#8220;, handelt, behauptet Wolf dass es sich bei der &#8222;HDJ&#8220; nicht um Nachfolgeorganisation der &#8222;WJ&#8220; handelt, auch wenn einige &#8222;HDJ&#8220;-Mitglieder Kontakte zur &#8222;WJ&#8220; hatten.<\/p>\n<p>Die Jusos fordern die Landesregierung und den Landesinnenminister Ingo Wolf auf, nicht l\u00c3\u00a4nger ihre Augen vor der Gefahr, die von der &#8222;HDJ&#8220; ausgeht, zu verschlie\u00c3\u0178en und sich beim Bundesinnenminister Wolfgang Sch\u00c3\u00a4uble f\u00c3\u00bcr ein Verbot der &#8222;HDJ&#8220; einzusetzen.<\/p>\n<p>&nbsp;<\/p>\n<\/div>\n","protected":false},"excerpt":{"rendered":"<p>Zum &#8222;Nein-Votum&#8220; der Fraktionen der Landesregierung im Innenausschuss zum SPD-Antrag zum HDJ-Verbot erkl\u00c3\u00a4rt der stellv. Vorsitzende der Jusos Minden-L\u00c3\u00bcbbecke Jens Vogel: Im Oktober f\u00c3\u00bchrte das Bundesinnenministerium bundesweite Durchsuchungen von Einrichtungen [&hellip;]<\/p>\n","protected":false},"author":2,"featured_media":510,"comment_status":"open","ping_status":"open","sticky":false,"template":"","format":"standard","meta":{"_uag_custom_page_level_css":"","site-sidebar-layout":"default","site-content-layout":"","ast-site-content-layout":"default","site-content-style":"default","site-sidebar-style":"default","ast-global-header-display":"","ast-banner-title-visibility":"","ast-main-header-display":"","ast-hfb-above-header-display":"","ast-hfb-below-header-display":"","ast-hfb-mobile-header-display":"","site-post-title":"","ast-breadcrumbs-content":"","ast-featured-img":"","footer-sml-layout":"","ast-disable-related-posts":"","theme-transparent-header-meta":"","adv-header-id-meta":"","stick-header-meta":"","header-above-stick-meta":"","header-main-stick-meta":"","header-below-stick-meta":"","astra-migrate-meta-layouts":"default","ast-page-background-enabled":"default","ast-page-background-meta":{"desktop":{"background-color":"var(--ast-global-color-4)","background-image":"","background-repeat":"repeat","background-position":"center center","background-size":"auto","background-attachment":"scroll","background-type":"","background-media":"","overlay-type":"","overlay-color":"","overlay-opacity":"","overlay-gradient":""},"tablet":{"background-color":"","background-image":"","background-repeat":"repeat","background-position":"center center","background-size":"auto","background-attachment":"scroll","background-type":"","background-media":"","overlay-type":"","overlay-color":"","overlay-opacity":"","overlay-gradient":""},"mobile":{"background-color":"","background-image":"","background-repeat":"repeat","background-position":"center center","background-size":"auto","background-attachment":"scroll","background-type":"","background-media":"","overlay-type":"","overlay-color":"","overlay-opacity":"","overlay-gradient":""}},"ast-content-background-meta":{"desktop":{"background-color":"var(--ast-global-color-5)","background-image":"","background-repeat":"repeat","background-position":"center center","background-size":"auto","background-attachment":"scroll","background-type":"","background-media":"","overlay-type":"","overlay-color":"","overlay-opacity":"","overlay-gradient":""},"tablet":{"background-color":"var(--ast-global-color-5)","background-image":"","background-repeat":"repeat","background-position":"center center","background-size":"auto","background-attachment":"scroll","background-type":"","background-media":"","overlay-type":"","overlay-color":"","overlay-opacity":"","overlay-gradient":""},"mobile":{"background-color":"var(--ast-global-color-5)","background-image":"","background-repeat":"repeat","background-position":"center center","background-size":"auto","background-attachment":"scroll","background-type":"","background-media":"","overlay-type":"","overlay-color":"","overlay-opacity":"","overlay-gradient":""}},"footnotes":""},"categories":[21,36,4],"tags":[],"class_list":["post-657","post","type-post","status-publish","format-standard","has-post-thumbnail","hentry","category-aus-dem-ub","category-gegen-rechts","category-presse-news"],"uagb_featured_image_src":{"full":["https:\/\/www.dasroteteam.de\/jusos\/wp-content\/uploads\/2013\/02\/banner_keinbockaufnazis_146x79.jpg",146,79,false],"thumbnail":["https:\/\/www.dasroteteam.de\/jusos\/wp-content\/uploads\/2013\/02\/banner_keinbockaufnazis_146x79.jpg",80,43,false],"medium":["https:\/\/www.dasroteteam.de\/jusos\/wp-content\/uploads\/2013\/02\/banner_keinbockaufnazis_146x79.jpg",146,79,false],"medium_large":["https:\/\/www.dasroteteam.de\/jusos\/wp-content\/uploads\/2013\/02\/banner_keinbockaufnazis_146x79.jpg",146,79,false],"large":["https:\/\/www.dasroteteam.de\/jusos\/wp-content\/uploads\/2013\/02\/banner_keinbockaufnazis_146x79.jpg",146,79,false],"1536x1536":["https:\/\/www.dasroteteam.de\/jusos\/wp-content\/uploads\/2013\/02\/banner_keinbockaufnazis_146x79.jpg",146,79,false],"2048x2048":["https:\/\/www.dasroteteam.de\/jusos\/wp-content\/uploads\/2013\/02\/banner_keinbockaufnazis_146x79.jpg",146,79,false],"slide-thumbnail":["https:\/\/www.dasroteteam.de\/jusos\/wp-content\/uploads\/2013\/02\/banner_keinbockaufnazis_146x79.jpg",146,79,false]},"uagb_author_info":{"display_name":"Redaktion","author_link":"https:\/\/www.dasroteteam.de\/jusos\/author\/vogelje\/"},"uagb_comment_info":0,"uagb_excerpt":"Zum &#8222;Nein-Votum&#8220; der Fraktionen der Landesregierung im Innenausschuss zum SPD-Antrag zum HDJ-Verbot erkl\u00c3\u00a4rt der stellv. Vorsitzende der Jusos Minden-L\u00c3\u00bcbbecke Jens Vogel: Im Oktober f\u00c3\u00bchrte das Bundesinnenministerium bundesweite Durchsuchungen von Einrichtungen [&hellip;]","_links":{"self":[{"href":"https:\/\/www.dasroteteam.de\/jusos\/wp-json\/wp\/v2\/posts\/657","targetHints":{"allow":["GET"]}}],"collection":[{"href":"https:\/\/www.dasroteteam.de\/jusos\/wp-json\/wp\/v2\/posts"}],"about":[{"href":"https:\/\/www.dasroteteam.de\/jusos\/wp-json\/wp\/v2\/types\/post"}],"author":[{"embeddable":true,"href":"https:\/\/www.dasroteteam.de\/jusos\/wp-json\/wp\/v2\/users\/2"}],"replies":[{"embeddable":true,"href":"https:\/\/www.dasroteteam.de\/jusos\/wp-json\/wp\/v2\/comments?post=657"}],"version-history":[{"count":0,"href":"https:\/\/www.dasroteteam.de\/jusos\/wp-json\/wp\/v2\/posts\/657\/revisions"}],"wp:featuredmedia":[{"embeddable":true,"href":"https:\/\/www.dasroteteam.de\/jusos\/wp-json\/wp\/v2\/media\/510"}],"wp:attachment":[{"href":"https:\/\/www.dasroteteam.de\/jusos\/wp-json\/wp\/v2\/media?parent=657"}],"wp:term":[{"taxonomy":"category","embeddable":true,"href":"https:\/\/www.dasroteteam.de\/jusos\/wp-json\/wp\/v2\/categories?post=657"},{"taxonomy":"post_tag","embeddable":true,"href":"https:\/\/www.dasroteteam.de\/jusos\/wp-json\/wp\/v2\/tags?post=657"}],"curies":[{"name":"wp","href":"https:\/\/api.w.org\/{rel}","templated":true}]}}