{"id":590,"date":"2007-11-09T15:19:04","date_gmt":"2007-11-09T13:19:04","guid":{"rendered":"https:\/\/www.dasroteteam.de\/jusos\/?p=590"},"modified":"2013-02-14T15:20:26","modified_gmt":"2013-02-14T13:20:26","slug":"die-hartz-4-regelsatze-mussen-den-realitaten-angepasst-werden","status":"publish","type":"post","link":"https:\/\/www.dasroteteam.de\/jusos\/2007\/11\/09\/die-hartz-4-regelsatze-mussen-den-realitaten-angepasst-werden\/","title":{"rendered":"Die Hartz 4- Regels\u00c3\u00a4tze m\u00c3\u00bcssen den Realit\u00c3\u00a4ten angepasst werden"},"content":{"rendered":"<p><em><strong>Zum Regelsatz-Gutachten des Bundesarbeitsministeriums erkl\u00c3\u00a4rt der stellv. Vorsitzende der Jusos Minden-L\u00c3\u00bcbbecke Jens Vogel:<\/strong><\/em><\/p>\n<p>In den letzten Monaten sind die Lebenshaltungskosten der B\u00c3\u00bcrgerinnen und B\u00c3\u00bcrgern durch Preissteigerungen bei Lebensmitteln und Energie gestiegen, besonders hart treffen diese Preissteigerungen die Bezieher von Arbeitslosengeld II, deren Regels\u00c3\u00a4tze seit der Einf\u00c3\u00bchrung von Arbeitslosengeld II nicht angepasst wurden. Das Bundesarbeitsministerium hat vor einigen Tagen ein Gutachten ver\u00c3\u00b6ffentlicht, nachdem eine Anpassung der Regels\u00c3\u00a4tze nicht erforderlich sei. Es ist nicht nachvollziehbar wie das Bundesministerium zu diesem Ergebnis kommt, wenn im gleichen Gutachten nachgelesen werden kann, dass der Regelsatz nicht mit der allgemeinen Preisentwicklung Schritt gehalten hat.<\/p>\n<div>\n<p>Das Arbeitslosengeld II muss ein ausreichendes Existenzminimum garantieren, aber auch den Menschen die M\u00c3\u00b6glichkeit zur Teilnahme an kulturellen Veranstaltungen geben, um Teilhabe am gesellschaftlichen Leben zu erm\u00c3\u00b6glichen. Die bisherige H\u00c3\u00b6he des Arbeitslosengeldes II reicht daf\u00c3\u00bcr nicht mehr aus und die Preissteigerungen der letzten Monate hat die prek\u00c3\u00a4re Lage der Menschen, die von Hartz 4 leben m\u00c3\u00bcssen, noch mehr versch\u00c3\u00a4rft, dies zeigen auch die steigenden Inanspruchnahme des Angebotes von Armenspeisungen und Lebensmittelverkauf der \u00e2\u20ac\u0153Tafeln in Deutschland\u00e2\u20ac\u009d.<\/p>\n<p>Bundesarbeitsminister und Vizekanzler Franz M\u00c3\u00bcntefering und sein Bundesministerium d\u00c3\u00bcrfen nicht weiter ihre Augen vor der Einkommensnot der Menschen verschlie\u00c3\u0178en, die sich durch Preissteigerungen bei Lebensmittel und Energien noch versch\u00c3\u00a4rft wird, und endlich die Regels\u00c3\u00a4tze den Realit\u00c3\u00a4ten anpassen &#8211; Nach Berechnungen des \u00e2\u20ac\u0153Parit\u00c3\u00a4tischen Wohlfahrtsverbandes\u00e2\u20ac\u009d sei ein Regelsatz von 420 \u00e2\u201a\u00ac bedarfsgerecht.<\/p>\n<\/div>\n","protected":false},"excerpt":{"rendered":"<p>Zum Regelsatz-Gutachten des Bundesarbeitsministeriums erkl\u00c3\u00a4rt der stellv. Vorsitzende der Jusos Minden-L\u00c3\u00bcbbecke Jens Vogel: In den letzten Monaten sind die Lebenshaltungskosten der B\u00c3\u00bcrgerinnen und B\u00c3\u00bcrgern durch Preissteigerungen bei Lebensmitteln und Energie [&hellip;]<\/p>\n","protected":false},"author":2,"featured_media":0,"comment_status":"open","ping_status":"open","sticky":false,"template":"","format":"standard","meta":{"_uag_custom_page_level_css":"","site-sidebar-layout":"default","site-content-layout":"","ast-site-content-layout":"default","site-content-style":"default","site-sidebar-style":"default","ast-global-header-display":"","ast-banner-title-visibility":"","ast-main-header-display":"","ast-hfb-above-header-display":"","ast-hfb-below-header-display":"","ast-hfb-mobile-header-display":"","site-post-title":"","ast-breadcrumbs-content":"","ast-featured-img":"","footer-sml-layout":"","ast-disable-related-posts":"","theme-transparent-header-meta":"","adv-header-id-meta":"","stick-header-meta":"","header-above-stick-meta":"","header-main-stick-meta":"","header-below-stick-meta":"","astra-migrate-meta-layouts":"default","ast-page-background-enabled":"default","ast-page-background-meta":{"desktop":{"background-color":"var(--ast-global-color-4)","background-image":"","background-repeat":"repeat","background-position":"center center","background-size":"auto","background-attachment":"scroll","background-type":"","background-media":"","overlay-type":"","overlay-color":"","overlay-opacity":"","overlay-gradient":""},"tablet":{"background-color":"","background-image":"","background-repeat":"repeat","background-position":"center center","background-size":"auto","background-attachment":"scroll","background-type":"","background-media":"","overlay-type":"","overlay-color":"","overlay-opacity":"","overlay-gradient":""},"mobile":{"background-color":"","background-image":"","background-repeat":"repeat","background-position":"center center","background-size":"auto","background-attachment":"scroll","background-type":"","background-media":"","overlay-type":"","overlay-color":"","overlay-opacity":"","overlay-gradient":""}},"ast-content-background-meta":{"desktop":{"background-color":"var(--ast-global-color-5)","background-image":"","background-repeat":"repeat","background-position":"center center","background-size":"auto","background-attachment":"scroll","background-type":"","background-media":"","overlay-type":"","overlay-color":"","overlay-opacity":"","overlay-gradient":""},"tablet":{"background-color":"var(--ast-global-color-5)","background-image":"","background-repeat":"repeat","background-position":"center center","background-size":"auto","background-attachment":"scroll","background-type":"","background-media":"","overlay-type":"","overlay-color":"","overlay-opacity":"","overlay-gradient":""},"mobile":{"background-color":"var(--ast-global-color-5)","background-image":"","background-repeat":"repeat","background-position":"center center","background-size":"auto","background-attachment":"scroll","background-type":"","background-media":"","overlay-type":"","overlay-color":"","overlay-opacity":"","overlay-gradient":""}},"footnotes":""},"categories":[21],"tags":[82],"class_list":["post-590","post","type-post","status-publish","format-standard","hentry","category-aus-dem-ub","tag-alg-ii"],"uagb_featured_image_src":{"full":false,"thumbnail":false,"medium":false,"medium_large":false,"large":false,"1536x1536":false,"2048x2048":false,"slide-thumbnail":false},"uagb_author_info":{"display_name":"Redaktion","author_link":"https:\/\/www.dasroteteam.de\/jusos\/author\/vogelje\/"},"uagb_comment_info":0,"uagb_excerpt":"Zum Regelsatz-Gutachten des Bundesarbeitsministeriums erkl\u00c3\u00a4rt der stellv. Vorsitzende der Jusos Minden-L\u00c3\u00bcbbecke Jens Vogel: In den letzten Monaten sind die Lebenshaltungskosten der B\u00c3\u00bcrgerinnen und B\u00c3\u00bcrgern durch Preissteigerungen bei Lebensmitteln und Energie [&hellip;]","_links":{"self":[{"href":"https:\/\/www.dasroteteam.de\/jusos\/wp-json\/wp\/v2\/posts\/590","targetHints":{"allow":["GET"]}}],"collection":[{"href":"https:\/\/www.dasroteteam.de\/jusos\/wp-json\/wp\/v2\/posts"}],"about":[{"href":"https:\/\/www.dasroteteam.de\/jusos\/wp-json\/wp\/v2\/types\/post"}],"author":[{"embeddable":true,"href":"https:\/\/www.dasroteteam.de\/jusos\/wp-json\/wp\/v2\/users\/2"}],"replies":[{"embeddable":true,"href":"https:\/\/www.dasroteteam.de\/jusos\/wp-json\/wp\/v2\/comments?post=590"}],"version-history":[{"count":0,"href":"https:\/\/www.dasroteteam.de\/jusos\/wp-json\/wp\/v2\/posts\/590\/revisions"}],"wp:attachment":[{"href":"https:\/\/www.dasroteteam.de\/jusos\/wp-json\/wp\/v2\/media?parent=590"}],"wp:term":[{"taxonomy":"category","embeddable":true,"href":"https:\/\/www.dasroteteam.de\/jusos\/wp-json\/wp\/v2\/categories?post=590"},{"taxonomy":"post_tag","embeddable":true,"href":"https:\/\/www.dasroteteam.de\/jusos\/wp-json\/wp\/v2\/tags?post=590"}],"curies":[{"name":"wp","href":"https:\/\/api.w.org\/{rel}","templated":true}]}}