{"id":536,"date":"2009-09-14T14:03:05","date_gmt":"2009-09-14T12:03:05","guid":{"rendered":"https:\/\/www.dasroteteam.de\/jusos\/?p=536"},"modified":"2013-02-14T14:04:21","modified_gmt":"2013-02-14T12:04:21","slug":"schlangela-kuscheln-war-fruher","status":"publish","type":"post","link":"https:\/\/www.dasroteteam.de\/jusos\/2009\/09\/14\/schlangela-kuscheln-war-fruher\/","title":{"rendered":"Schlangela \u00e2\u20ac\u201c Kuscheln war fr\u00c3\u00bcher"},"content":{"rendered":"<p><em><strong>Der stellv. Vorsitzende der Jusos Minden-L\u00c3\u00bcbbecke &amp; Bad Oeynhausen Jens Vogel zum \u00e2\u20ac\u017eSchlangela\u00e2\u20ac\u0153-Plakat des SPD-Ortsvereins Wulferdingsen<\/strong><\/em><\/p>\n<p><a href=\"https:\/\/www.dasroteteam.de\/jusos\/wp-content\/uploads\/2013\/02\/schlangela_farbe_1.jpg\" rel=\"lightbox[536]\"><img fetchpriority=\"high\" decoding=\"async\" class=\"alignleft size-full wp-image-537\" alt=\"schlangela_farbe_1\" src=\"https:\/\/www.dasroteteam.de\/jusos\/wp-content\/uploads\/2013\/02\/schlangela_farbe_1.jpg\" width=\"325\" height=\"231\" srcset=\"https:\/\/www.dasroteteam.de\/jusos\/wp-content\/uploads\/2013\/02\/schlangela_farbe_1.jpg 325w, https:\/\/www.dasroteteam.de\/jusos\/wp-content\/uploads\/2013\/02\/schlangela_farbe_1-300x213.jpg 300w\" sizes=\"(max-width: 325px) 100vw, 325px\" \/><\/a>Seit einigen Wochen schl\u00c3\u00a4ngelt sich eine gr\u00c3\u00bcne Schlange durch den Oeynhausener Ortsteil Wulferdingsen und hat ihre Heimat im Schaukasten des dortigen SPD-Ortsvereins gefunden \u00e2\u20ac\u201c Die Rede ist von \u00e2\u20ac\u017eSchlangela\u00e2\u20ac\u0153 und dies sorgte f\u00c3\u00bcr etwas Unfrieden im Ortsverein.<\/p>\n<p>Der SPD-Ortsverein Wulferdingsen hatte ein Plakat mit der Schlangenkarikatur von Angela Merkel in ihren Schaukasten aufgehangen und sorgte f\u00c3\u00bcr erste Protesten von Seiten zweier Stadtratsabgeordnenten des besagten Ortsverein, die sich von \u00e2\u20ac\u017eSchlangela\u00e2\u20ac\u0153 distanzierten und den Ortsverein aufforderten das Plakat zu entfernen und in seiner letzten Sitzung sollte der Ortsverein dar\u00c3\u00bcber entscheiden, ob das Plakat h\u00c3\u00a4ngen bleibt oder herausgenommen wird.<\/p>\n<div>\n<p>Der Ortsverein entschied sich daf\u00c3\u00bcr, das Plakat h\u00c3\u00a4ngen zu lassen und \u00e2\u20ac\u017ediese Entscheidung war richtig\u00e2\u20ac\u0153, so Jens Vogel, dem stellv. Vorsitzenden der Jusos Minden-L\u00c3\u00bcbbecke und der Jusos Bad Oeynhausen. \u00e2\u20ac\u017eAuch wenn wir in Berlin mit der CDU eine gro\u00c3\u0178e Koalition bilden, so darf man nicht vergessen, dass es sich hierbei um eine reine Zweckgemeinschaft handelt, in der man auch mal kritisch mit seinen Koalitionspartner umgehen darf, anstatt einen Kuschelkurs zu fahren \u00e2\u20ac\u201c Denn Kuscheln war gestern\u00e2\u20ac\u0153, so Jens Vogel weiter und f\u00c3\u00bcgt hinzu, dass auch die Union nicht zimperlich beim Umgang mit ihrem Koalitionspartner SPD sei, dazu geh\u00c3\u00b6rte auch das Geheimtreffen zwischen der Union und FDP bez\u00c3\u00bcglich der Bundestagswahl 2009.<\/p>\n<p>In der Wochenend-Ausgabe des \u00e2\u20ac\u017eTagesspiegel\u00e2\u20ac\u0153 vom 09.09.2007 erschien ein Kommentar \u00c3\u00bcber die 8 Bundeskanzler(in) die Deutschland jemals hatte bzw. hat und \u00c3\u00bcber Bundeskanzlerin Angela Merkel schrieb der Kommentator, dass \u00e2\u20ac\u017esie sich wie eine Schlage durch die Berliner Republik windet\u00e2\u20ac\u0153, um ihre Ziele zu erreichen und oft keine Stellung bezieht und \u00e2\u20ac\u017egenau nichts anderes sagt das \u00e2\u20ac\u017eSchlangela\u00e2\u20ac\u0153-Plakat aus, so Jens Vogel.<\/p>\n<p>Die Versteigerung des \u00e2\u20ac\u017eSchlangela\u00e2\u20ac\u0153-Plakates, welches \u00c3\u00bcbrigens auf dem letzten Landesparteitag der NRWSPD in Bochum ein echter Renner war, f\u00c3\u00bcr einen guten Zweck sollte die Wogen gl\u00c3\u00a4tten und es w\u00c3\u00a4re w\u00c3\u00bcnschenswert wenn alle Beteiligten von SPD und CDU, die bei der Versteigerung erzielte Summe, mit einen eigenen Beitrag aufstocken w\u00c3\u00bcrden, so Jens Vogel abschlie\u00c3\u0178end.<\/p>\n<\/div>\n","protected":false},"excerpt":{"rendered":"<p>Der stellv. Vorsitzende der Jusos Minden-L\u00c3\u00bcbbecke &amp; Bad Oeynhausen Jens Vogel zum \u00e2\u20ac\u017eSchlangela\u00e2\u20ac\u0153-Plakat des SPD-Ortsvereins Wulferdingsen Seit einigen Wochen schl\u00c3\u00a4ngelt sich eine gr\u00c3\u00bcne Schlange durch den Oeynhausener Ortsteil Wulferdingsen und [&hellip;]<\/p>\n","protected":false},"author":2,"featured_media":537,"comment_status":"open","ping_status":"open","sticky":false,"template":"","format":"standard","meta":{"_uag_custom_page_level_css":"","site-sidebar-layout":"default","site-content-layout":"","ast-site-content-layout":"default","site-content-style":"default","site-sidebar-style":"default","ast-global-header-display":"","ast-banner-title-visibility":"","ast-main-header-display":"","ast-hfb-above-header-display":"","ast-hfb-below-header-display":"","ast-hfb-mobile-header-display":"","site-post-title":"","ast-breadcrumbs-content":"","ast-featured-img":"","footer-sml-layout":"","ast-disable-related-posts":"","theme-transparent-header-meta":"","adv-header-id-meta":"","stick-header-meta":"","header-above-stick-meta":"","header-main-stick-meta":"","header-below-stick-meta":"","astra-migrate-meta-layouts":"default","ast-page-background-enabled":"default","ast-page-background-meta":{"desktop":{"background-color":"var(--ast-global-color-4)","background-image":"","background-repeat":"repeat","background-position":"center center","background-size":"auto","background-attachment":"scroll","background-type":"","background-media":"","overlay-type":"","overlay-color":"","overlay-opacity":"","overlay-gradient":""},"tablet":{"background-color":"","background-image":"","background-repeat":"repeat","background-position":"center center","background-size":"auto","background-attachment":"scroll","background-type":"","background-media":"","overlay-type":"","overlay-color":"","overlay-opacity":"","overlay-gradient":""},"mobile":{"background-color":"","background-image":"","background-repeat":"repeat","background-position":"center center","background-size":"auto","background-attachment":"scroll","background-type":"","background-media":"","overlay-type":"","overlay-color":"","overlay-opacity":"","overlay-gradient":""}},"ast-content-background-meta":{"desktop":{"background-color":"var(--ast-global-color-5)","background-image":"","background-repeat":"repeat","background-position":"center center","background-size":"auto","background-attachment":"scroll","background-type":"","background-media":"","overlay-type":"","overlay-color":"","overlay-opacity":"","overlay-gradient":""},"tablet":{"background-color":"var(--ast-global-color-5)","background-image":"","background-repeat":"repeat","background-position":"center center","background-size":"auto","background-attachment":"scroll","background-type":"","background-media":"","overlay-type":"","overlay-color":"","overlay-opacity":"","overlay-gradient":""},"mobile":{"background-color":"var(--ast-global-color-5)","background-image":"","background-repeat":"repeat","background-position":"center center","background-size":"auto","background-attachment":"scroll","background-type":"","background-media":"","overlay-type":"","overlay-color":"","overlay-opacity":"","overlay-gradient":""}},"footnotes":""},"categories":[8,21,5,4],"tags":[],"class_list":["post-536","post","type-post","status-publish","format-standard","has-post-thumbnail","hentry","category-ag-bad-oeynhausen","category-aus-dem-ub","category-aus-den-agn","category-presse-news"],"uagb_featured_image_src":{"full":["https:\/\/www.dasroteteam.de\/jusos\/wp-content\/uploads\/2013\/02\/schlangela_farbe_1.jpg",325,231,false],"thumbnail":["https:\/\/www.dasroteteam.de\/jusos\/wp-content\/uploads\/2013\/02\/schlangela_farbe_1-150x150.jpg",80,80,true],"medium":["https:\/\/www.dasroteteam.de\/jusos\/wp-content\/uploads\/2013\/02\/schlangela_farbe_1-300x213.jpg",300,213,true],"medium_large":["https:\/\/www.dasroteteam.de\/jusos\/wp-content\/uploads\/2013\/02\/schlangela_farbe_1.jpg",325,231,false],"large":["https:\/\/www.dasroteteam.de\/jusos\/wp-content\/uploads\/2013\/02\/schlangela_farbe_1.jpg",325,231,false],"1536x1536":["https:\/\/www.dasroteteam.de\/jusos\/wp-content\/uploads\/2013\/02\/schlangela_farbe_1.jpg",325,231,false],"2048x2048":["https:\/\/www.dasroteteam.de\/jusos\/wp-content\/uploads\/2013\/02\/schlangela_farbe_1.jpg",325,231,false],"slide-thumbnail":["https:\/\/www.dasroteteam.de\/jusos\/wp-content\/uploads\/2013\/02\/schlangela_farbe_1.jpg",325,231,false]},"uagb_author_info":{"display_name":"Redaktion","author_link":"https:\/\/www.dasroteteam.de\/jusos\/author\/vogelje\/"},"uagb_comment_info":0,"uagb_excerpt":"Der stellv. Vorsitzende der Jusos Minden-L\u00c3\u00bcbbecke &amp; Bad Oeynhausen Jens Vogel zum \u00e2\u20ac\u017eSchlangela\u00e2\u20ac\u0153-Plakat des SPD-Ortsvereins Wulferdingsen Seit einigen Wochen schl\u00c3\u00a4ngelt sich eine gr\u00c3\u00bcne Schlange durch den Oeynhausener Ortsteil Wulferdingsen und [&hellip;]","_links":{"self":[{"href":"https:\/\/www.dasroteteam.de\/jusos\/wp-json\/wp\/v2\/posts\/536","targetHints":{"allow":["GET"]}}],"collection":[{"href":"https:\/\/www.dasroteteam.de\/jusos\/wp-json\/wp\/v2\/posts"}],"about":[{"href":"https:\/\/www.dasroteteam.de\/jusos\/wp-json\/wp\/v2\/types\/post"}],"author":[{"embeddable":true,"href":"https:\/\/www.dasroteteam.de\/jusos\/wp-json\/wp\/v2\/users\/2"}],"replies":[{"embeddable":true,"href":"https:\/\/www.dasroteteam.de\/jusos\/wp-json\/wp\/v2\/comments?post=536"}],"version-history":[{"count":0,"href":"https:\/\/www.dasroteteam.de\/jusos\/wp-json\/wp\/v2\/posts\/536\/revisions"}],"wp:featuredmedia":[{"embeddable":true,"href":"https:\/\/www.dasroteteam.de\/jusos\/wp-json\/wp\/v2\/media\/537"}],"wp:attachment":[{"href":"https:\/\/www.dasroteteam.de\/jusos\/wp-json\/wp\/v2\/media?parent=536"}],"wp:term":[{"taxonomy":"category","embeddable":true,"href":"https:\/\/www.dasroteteam.de\/jusos\/wp-json\/wp\/v2\/categories?post=536"},{"taxonomy":"post_tag","embeddable":true,"href":"https:\/\/www.dasroteteam.de\/jusos\/wp-json\/wp\/v2\/tags?post=536"}],"curies":[{"name":"wp","href":"https:\/\/api.w.org\/{rel}","templated":true}]}}