{"id":532,"date":"2007-07-17T13:59:34","date_gmt":"2007-07-17T11:59:34","guid":{"rendered":"https:\/\/www.dasroteteam.de\/jusos\/?p=532"},"modified":"2013-02-14T14:00:29","modified_gmt":"2013-02-14T12:00:29","slug":"politischer-nachwuchs-hofft-auf-nachtzug","status":"publish","type":"post","link":"https:\/\/www.dasroteteam.de\/jusos\/2007\/07\/17\/politischer-nachwuchs-hofft-auf-nachtzug\/","title":{"rendered":"Politischer Nachwuchs hofft auf Nachtzug"},"content":{"rendered":"<p><strong>Organisation startet ihren Jugendwahlkampf<\/strong><\/p>\n<p>Von Maren Waltemode<\/p>\n<p>L\u00c3\u00b6hne (LZ). Die L\u00c3\u00b6hner Jusos beginnen am Wochenende ihren Jugendwahlkampf. Die SPD-Jugendorganisation setzt sich f\u00c3\u00bcr einen Nachtzug ein.<\/p>\n<p>\u00c2\u00bbWir wollen, dass Jugendliche aus L\u00c3\u00b6hne abends besser nach Bielefeld kommen und wieder zur\u00c3\u00bcck\u00c2\u00ab, sagt Anil Sehirli, Vorsitzender der L\u00c3\u00b6hner Jusos. \u00c2\u00bbWir wollen einen Nachtzug, der st\u00c3\u00bcndlich von Minden bis G\u00c3\u00bctersloh f\u00c3\u00a4hrt und auch in L\u00c3\u00b6hne h\u00c3\u00a4lt. Dazu haben die Jungpolitiker bereits Kontakt mit dem Verkehrsverbund OWL aufgenommen. \u00c2\u00bbDort hat man uns gesagt, dass das grunds\u00c3\u00a4tzlich realisierbar sei\u00c2\u00ab, sagt Sehirli. Eine Entscheidung werde nach der Kommunalwahl fallen, wenn sich der Verbundvorstand neu zusammensetzt. Von diesem Sonntag an ist die neue Homepage der L\u00c3\u00b6hner Jusos freigeschaltet. Unter der Adresse www. helden-bewegen.de k\u00c3\u00b6nnen sich Nutzer \u00c3\u00bcber das Wahlprogramm informieren, bloggen und Kontakt mit den Jusos aufnehmen.<\/p>\n<p>\u00c2\u00bbWir haben dort mehrere politische Themen aufgelistet. Die Jugendlichen k\u00c3\u00b6nnen abstimmen, welches ihnen am wichtigsten ist\u00c2\u00ab, erkl\u00c3\u00a4rt Anil Sehirli. Das setze Heinz Dieter Held (SPD) auf seine Agenda, sollte er die Kommunalwahl f\u00c3\u00bcr sich entscheiden. Am Freitag, 21. August, veranstalten die Jusos ein Konzert im neuen Saal der Werretalhalle. Eingeladen sind vier regionale Bands. Beginn ist um 21 Uhr. Dort werde auch das Thema bekannt geben, dass im Internet die meisten Stimmen bekommen habe. Die Jusos haben sich au\u00c3\u0178erdem die Themen Sportpl\u00c3\u00a4tze, Energie und Jugendzentren auf ihre Fahnen geschrieben. Sehirli: \u00c2\u00bbHier w\u00c3\u00bcnschen wir uns eine bessere Zusammenarbeit von Jugendamt und Jugendzentren.\u00c2\u00ab<\/p>\n<p><em>aus: Westfalenblatt, Artikel vom 17.07.2009<\/em><\/p>\n","protected":false},"excerpt":{"rendered":"<p>Organisation startet ihren Jugendwahlkampf Von Maren Waltemode L\u00c3\u00b6hne (LZ). Die L\u00c3\u00b6hner Jusos beginnen am Wochenende ihren Jugendwahlkampf. Die SPD-Jugendorganisation setzt sich f\u00c3\u00bcr einen Nachtzug ein. \u00c2\u00bbWir wollen, dass Jugendliche aus [&hellip;]<\/p>\n","protected":false},"author":2,"featured_media":0,"comment_status":"open","ping_status":"open","sticky":false,"template":"","format":"standard","meta":{"_uag_custom_page_level_css":"","site-sidebar-layout":"default","site-content-layout":"","ast-site-content-layout":"default","site-content-style":"default","site-sidebar-style":"default","ast-global-header-display":"","ast-banner-title-visibility":"","ast-main-header-display":"","ast-hfb-above-header-display":"","ast-hfb-below-header-display":"","ast-hfb-mobile-header-display":"","site-post-title":"","ast-breadcrumbs-content":"","ast-featured-img":"","footer-sml-layout":"","ast-disable-related-posts":"","theme-transparent-header-meta":"","adv-header-id-meta":"","stick-header-meta":"","header-above-stick-meta":"","header-main-stick-meta":"","header-below-stick-meta":"","astra-migrate-meta-layouts":"default","ast-page-background-enabled":"default","ast-page-background-meta":{"desktop":{"background-color":"var(--ast-global-color-4)","background-image":"","background-repeat":"repeat","background-position":"center center","background-size":"auto","background-attachment":"scroll","background-type":"","background-media":"","overlay-type":"","overlay-color":"","overlay-opacity":"","overlay-gradient":""},"tablet":{"background-color":"","background-image":"","background-repeat":"repeat","background-position":"center center","background-size":"auto","background-attachment":"scroll","background-type":"","background-media":"","overlay-type":"","overlay-color":"","overlay-opacity":"","overlay-gradient":""},"mobile":{"background-color":"","background-image":"","background-repeat":"repeat","background-position":"center center","background-size":"auto","background-attachment":"scroll","background-type":"","background-media":"","overlay-type":"","overlay-color":"","overlay-opacity":"","overlay-gradient":""}},"ast-content-background-meta":{"desktop":{"background-color":"var(--ast-global-color-5)","background-image":"","background-repeat":"repeat","background-position":"center center","background-size":"auto","background-attachment":"scroll","background-type":"","background-media":"","overlay-type":"","overlay-color":"","overlay-opacity":"","overlay-gradient":""},"tablet":{"background-color":"var(--ast-global-color-5)","background-image":"","background-repeat":"repeat","background-position":"center center","background-size":"auto","background-attachment":"scroll","background-type":"","background-media":"","overlay-type":"","overlay-color":"","overlay-opacity":"","overlay-gradient":""},"mobile":{"background-color":"var(--ast-global-color-5)","background-image":"","background-repeat":"repeat","background-position":"center center","background-size":"auto","background-attachment":"scroll","background-type":"","background-media":"","overlay-type":"","overlay-color":"","overlay-opacity":"","overlay-gradient":""}},"footnotes":""},"categories":[21,4],"tags":[133],"class_list":["post-532","post","type-post","status-publish","format-standard","hentry","category-aus-dem-ub","category-presse-news","tag-nachtzug"],"uagb_featured_image_src":{"full":false,"thumbnail":false,"medium":false,"medium_large":false,"large":false,"1536x1536":false,"2048x2048":false,"slide-thumbnail":false},"uagb_author_info":{"display_name":"Redaktion","author_link":"https:\/\/www.dasroteteam.de\/jusos\/author\/vogelje\/"},"uagb_comment_info":0,"uagb_excerpt":"Organisation startet ihren Jugendwahlkampf Von Maren Waltemode L\u00c3\u00b6hne (LZ). Die L\u00c3\u00b6hner Jusos beginnen am Wochenende ihren Jugendwahlkampf. Die SPD-Jugendorganisation setzt sich f\u00c3\u00bcr einen Nachtzug ein. \u00c2\u00bbWir wollen, dass Jugendliche aus [&hellip;]","_links":{"self":[{"href":"https:\/\/www.dasroteteam.de\/jusos\/wp-json\/wp\/v2\/posts\/532","targetHints":{"allow":["GET"]}}],"collection":[{"href":"https:\/\/www.dasroteteam.de\/jusos\/wp-json\/wp\/v2\/posts"}],"about":[{"href":"https:\/\/www.dasroteteam.de\/jusos\/wp-json\/wp\/v2\/types\/post"}],"author":[{"embeddable":true,"href":"https:\/\/www.dasroteteam.de\/jusos\/wp-json\/wp\/v2\/users\/2"}],"replies":[{"embeddable":true,"href":"https:\/\/www.dasroteteam.de\/jusos\/wp-json\/wp\/v2\/comments?post=532"}],"version-history":[{"count":0,"href":"https:\/\/www.dasroteteam.de\/jusos\/wp-json\/wp\/v2\/posts\/532\/revisions"}],"wp:attachment":[{"href":"https:\/\/www.dasroteteam.de\/jusos\/wp-json\/wp\/v2\/media?parent=532"}],"wp:term":[{"taxonomy":"category","embeddable":true,"href":"https:\/\/www.dasroteteam.de\/jusos\/wp-json\/wp\/v2\/categories?post=532"},{"taxonomy":"post_tag","embeddable":true,"href":"https:\/\/www.dasroteteam.de\/jusos\/wp-json\/wp\/v2\/tags?post=532"}],"curies":[{"name":"wp","href":"https:\/\/api.w.org\/{rel}","templated":true}]}}