{"id":482,"date":"2008-02-27T13:10:56","date_gmt":"2008-02-27T11:10:56","guid":{"rendered":"https:\/\/www.dasroteteam.de\/jusos\/?p=482"},"modified":"2013-02-14T13:11:54","modified_gmt":"2013-02-14T11:11:54","slug":"ein-sieg-fur-die-grundrechte-der-burgerinnen-und-burger","status":"publish","type":"post","link":"https:\/\/www.dasroteteam.de\/jusos\/2008\/02\/27\/ein-sieg-fur-die-grundrechte-der-burgerinnen-und-burger\/","title":{"rendered":"Ein Sieg f\u00c3\u00bcr die Grundrechte der B\u00c3\u00bcrgerinnen und B\u00c3\u00bcrger"},"content":{"rendered":"<p><em>Zum Grundsatzurteil des Bundesverfassungsgerichts zu den heimlichen Onlinedurchsuchungen in NRW erkl\u00c3\u00a4ren der Vorsitzende der M\u00c3\u00bchlenkreis-Jusos\u00c2\u00a0<strong>Jens H\u00c3\u00bcbsch<\/strong>\u00c2\u00a0und der stellv. Vorsitzende der M\u00c3\u00bchlenkreis-Jusos\u00c2\u00a0<strong>Jens Vogel<\/strong>:<\/em><\/p>\n<p>Die Jusos Minden-L\u00c3\u00bcbbecke begr\u00c3\u00bc\u00c3\u0178en das Grundsatzurteil des Bundesverfassungsgerichts zum nordrhein-westf\u00c3\u00a4lischen \u00e2\u20ac\u017eOnlineschn\u00c3\u00bcffelgesetz\u00e2\u20ac\u0153 des Landesinnenministers Ingo Wolf (FDP), der mit dem ge\u00c3\u00a4nderten Landesverfassungsschutzgesetz, einen weit reichenden Eingriff der Ermittlungsbeh\u00c3\u00b6rden in die Privatsph\u00c3\u00a4re der B\u00c3\u00bcrgerinnen und B\u00c3\u00bcrger erm\u00c3\u00b6glicht hat und nun vom h\u00c3\u00b6chsten deutschen Gericht zurecht in die Schranken gewiesen wurde.<\/p>\n<p>Das Urteil ist ein Sieg f\u00c3\u00bcr die Grundrechte der B\u00c3\u00bcrgerinnen und B\u00c3\u00bcrger und eine klare Niederlage f\u00c3\u00bcr die \u00e2\u20ac\u017esicherheitspolitischen Hardliner\u00e2\u20ac\u0153 und Verfechter der heimlichen Onlinedurchsuchungen, an erster Stelle der Bundesinnenminister Dr. Wolfgang Sch\u00c3\u00a4uble, der im Namen der Terrorbek\u00c3\u00a4mpfung auch ohne richterlichen Beschluss auf den Festplatten der B\u00c3\u00bcrgerinnen und B\u00c3\u00bcrger schn\u00c3\u00bcffeln lassen und damit einen staatlichen Eingriff in den Kernbereich der Privatsph\u00c3\u00a4re erm\u00c3\u00b6glichen wollte.<\/p>\n<div>\n<p>Die Jusos begr\u00c3\u00bc\u00c3\u0178en, dass das Bundesverfassungsgericht mit dem \u00e2\u20ac\u017eGrundrecht auf Gew\u00c3\u00a4hrleistung der Vertraulichkeit und Integrit\u00c3\u00a4t informationstechnischer Systeme\u00e2\u20ac\u0153 eine hohe H\u00c3\u00bcrde bei Onlinedurchsuchungen festgeschrieben hat, \u00c3\u00bcber das sich auch der Bundesinnenminister Dr. Wolfgang Sch\u00c3\u00a4uble und die Ermittlungsbeh\u00c3\u00b6rden nicht hinwegsetzen k\u00c3\u00b6nnen.<\/p>\n<p>Die Jusos lehnen das Instrument der Onlinedurchsuchungen grunds\u00c3\u00a4tzlich ab, da trotz der H\u00c3\u00bcrden nicht ausgeschlossen werden kann, dass unschuldige B\u00c3\u00bcrgerinnen und B\u00c3\u00bcrgern ins Fadenkreuz der Ermittlungsbeh\u00c3\u00b6rden geraten \u00e2\u20ac\u201c Dazu ist das Grundrecht auf informationelle Selbstbestimmung und Privatsph\u00c3\u00a4re ein zu hohes Gut, welches es zu sch\u00c3\u00bctzen gilt.<\/p>\n<p>Da bereits von Seiten der Bundesregierung angek\u00c3\u00bcndigt wird, das geplante BKA-Gesetz so schnell wie m\u00c3\u00b6glich mit dem Instrument der Onlinedurchsuchung auszustatten, fordern die Jusos den Gesetzgeber auf, entsprechende gesetzliche Regelungen zu schaffen, die das Grundrecht der Unverletzlichkeit der Privatsph\u00c3\u00a4re der B\u00c3\u00bcrgerinnen und B\u00c3\u00bcrger gew\u00c3\u00a4hrleistet: Der Einsatz der Onlinedurchsuchung, darf nur auf richterliche Anordnung bei konkreten Hinweisen angewendet und Daten die nichts mit den Ermittlungen zu tun haben, m\u00c3\u00bcssen sofort gel\u00c3\u00b6scht werden!<\/p>\n<\/div>\n","protected":false},"excerpt":{"rendered":"<p>Zum Grundsatzurteil des Bundesverfassungsgerichts zu den heimlichen Onlinedurchsuchungen in NRW erkl\u00c3\u00a4ren der Vorsitzende der M\u00c3\u00bchlenkreis-Jusos\u00c2\u00a0Jens H\u00c3\u00bcbsch\u00c2\u00a0und der stellv. Vorsitzende der M\u00c3\u00bchlenkreis-Jusos\u00c2\u00a0Jens Vogel: Die Jusos Minden-L\u00c3\u00bcbbecke begr\u00c3\u00bc\u00c3\u0178en das Grundsatzurteil des Bundesverfassungsgerichts [&hellip;]<\/p>\n","protected":false},"author":2,"featured_media":0,"comment_status":"open","ping_status":"open","sticky":false,"template":"","format":"standard","meta":{"_uag_custom_page_level_css":"","site-sidebar-layout":"default","site-content-layout":"","ast-site-content-layout":"default","site-content-style":"default","site-sidebar-style":"default","ast-global-header-display":"","ast-banner-title-visibility":"","ast-main-header-display":"","ast-hfb-above-header-display":"","ast-hfb-below-header-display":"","ast-hfb-mobile-header-display":"","site-post-title":"","ast-breadcrumbs-content":"","ast-featured-img":"","footer-sml-layout":"","ast-disable-related-posts":"","theme-transparent-header-meta":"","adv-header-id-meta":"","stick-header-meta":"","header-above-stick-meta":"","header-main-stick-meta":"","header-below-stick-meta":"","astra-migrate-meta-layouts":"default","ast-page-background-enabled":"default","ast-page-background-meta":{"desktop":{"background-color":"var(--ast-global-color-4)","background-image":"","background-repeat":"repeat","background-position":"center center","background-size":"auto","background-attachment":"scroll","background-type":"","background-media":"","overlay-type":"","overlay-color":"","overlay-opacity":"","overlay-gradient":""},"tablet":{"background-color":"","background-image":"","background-repeat":"repeat","background-position":"center center","background-size":"auto","background-attachment":"scroll","background-type":"","background-media":"","overlay-type":"","overlay-color":"","overlay-opacity":"","overlay-gradient":""},"mobile":{"background-color":"","background-image":"","background-repeat":"repeat","background-position":"center center","background-size":"auto","background-attachment":"scroll","background-type":"","background-media":"","overlay-type":"","overlay-color":"","overlay-opacity":"","overlay-gradient":""}},"ast-content-background-meta":{"desktop":{"background-color":"var(--ast-global-color-5)","background-image":"","background-repeat":"repeat","background-position":"center center","background-size":"auto","background-attachment":"scroll","background-type":"","background-media":"","overlay-type":"","overlay-color":"","overlay-opacity":"","overlay-gradient":""},"tablet":{"background-color":"var(--ast-global-color-5)","background-image":"","background-repeat":"repeat","background-position":"center center","background-size":"auto","background-attachment":"scroll","background-type":"","background-media":"","overlay-type":"","overlay-color":"","overlay-opacity":"","overlay-gradient":""},"mobile":{"background-color":"var(--ast-global-color-5)","background-image":"","background-repeat":"repeat","background-position":"center center","background-size":"auto","background-attachment":"scroll","background-type":"","background-media":"","overlay-type":"","overlay-color":"","overlay-opacity":"","overlay-gradient":""}},"footnotes":""},"categories":[21,4],"tags":[60,127],"class_list":["post-482","post","type-post","status-publish","format-standard","hentry","category-aus-dem-ub","category-presse-news","tag-netzpolitik","tag-onlinedurchsuchungen"],"uagb_featured_image_src":{"full":false,"thumbnail":false,"medium":false,"medium_large":false,"large":false,"1536x1536":false,"2048x2048":false,"slide-thumbnail":false},"uagb_author_info":{"display_name":"Redaktion","author_link":"https:\/\/www.dasroteteam.de\/jusos\/author\/vogelje\/"},"uagb_comment_info":0,"uagb_excerpt":"Zum Grundsatzurteil des Bundesverfassungsgerichts zu den heimlichen Onlinedurchsuchungen in NRW erkl\u00c3\u00a4ren der Vorsitzende der M\u00c3\u00bchlenkreis-Jusos\u00c2\u00a0Jens H\u00c3\u00bcbsch\u00c2\u00a0und der stellv. Vorsitzende der M\u00c3\u00bchlenkreis-Jusos\u00c2\u00a0Jens Vogel: Die Jusos Minden-L\u00c3\u00bcbbecke begr\u00c3\u00bc\u00c3\u0178en das Grundsatzurteil des Bundesverfassungsgerichts [&hellip;]","_links":{"self":[{"href":"https:\/\/www.dasroteteam.de\/jusos\/wp-json\/wp\/v2\/posts\/482","targetHints":{"allow":["GET"]}}],"collection":[{"href":"https:\/\/www.dasroteteam.de\/jusos\/wp-json\/wp\/v2\/posts"}],"about":[{"href":"https:\/\/www.dasroteteam.de\/jusos\/wp-json\/wp\/v2\/types\/post"}],"author":[{"embeddable":true,"href":"https:\/\/www.dasroteteam.de\/jusos\/wp-json\/wp\/v2\/users\/2"}],"replies":[{"embeddable":true,"href":"https:\/\/www.dasroteteam.de\/jusos\/wp-json\/wp\/v2\/comments?post=482"}],"version-history":[{"count":0,"href":"https:\/\/www.dasroteteam.de\/jusos\/wp-json\/wp\/v2\/posts\/482\/revisions"}],"wp:attachment":[{"href":"https:\/\/www.dasroteteam.de\/jusos\/wp-json\/wp\/v2\/media?parent=482"}],"wp:term":[{"taxonomy":"category","embeddable":true,"href":"https:\/\/www.dasroteteam.de\/jusos\/wp-json\/wp\/v2\/categories?post=482"},{"taxonomy":"post_tag","embeddable":true,"href":"https:\/\/www.dasroteteam.de\/jusos\/wp-json\/wp\/v2\/tags?post=482"}],"curies":[{"name":"wp","href":"https:\/\/api.w.org\/{rel}","templated":true}]}}