{"id":475,"date":"2006-04-08T12:59:51","date_gmt":"2006-04-08T10:59:51","guid":{"rendered":"https:\/\/www.dasroteteam.de\/jusos\/?p=475"},"modified":"2025-04-27T13:02:04","modified_gmt":"2025-04-27T11:02:04","slug":"stilles-aussterben-der-gesamtschulen-in-nordrhein-westfalen","status":"publish","type":"post","link":"https:\/\/www.dasroteteam.de\/jusos\/2006\/04\/08\/stilles-aussterben-der-gesamtschulen-in-nordrhein-westfalen\/","title":{"rendered":"Stilles Aussterben der Gesamtschulen in Nordrhein-Westfalen"},"content":{"rendered":"<p><strong>Der stellv. Vorsitzender der Jusos Bad Oeynhausen Jens Vogel sieht die vier Gesamtschulen im Kreis Minden-L\u00fcbbecke in Gefahr<\/strong><\/p>\n<p>Die Gesamtschulen waren schon immer ein Dorn im Auge der Christdemokraten. Sie versuchen schon seit Jahren die Gesamtschule als Gleichmacherschule oder Einheitsschulecschlecht zu machen.<\/p>\n<p>Und jetzt scheint man einen Schritt weitergehen zu wollen &#8211; Das stille Aussterben der Gesamtschulen in Nordrhein-Westfalen, indem man bei der Schulempfehlung nach der vierten Grundschulklassen, die Gesamtschule als Zweitempfehlung unter den Tisch fallen l\u00c3\u00a4sst. Den Gesamtschulen w\u00fcrden mit dem Wegfall der Gesamtschulempfehlung indirekt die Sch\u00fcler vorenthalten und davon w\u00e4ren auch die Gesamtschulen in Bad Oeynhausen, Minden, Hille und H\u00fcllhorst betroffen.<\/p>\n<p>Bisher war in der Neufassung des Landesschulgesetzes vorgesehen, dass in der umstrittenen &#8222;Verbindlichen Lehrerempfehlung&#8220; auch eine Zweitempfehlung f\u00fcr die Gesamtschulen abgegeben wird. In der vorliegenden Neufassung wurde der Zusatz &#8222;Gesamtschule&#8220; gestrichen.<\/p>\n<p>Die Streichung der Gesamtschulempfehlung soll auf Anregung von Ministerpr\u00e4sident J\u00fcrgen R\u00fcttgers geschehen sein. Damit stellt sich dem Betrachter die Frage, was der Ministerpr\u00c3\u00a4sident mit der Streichung der &#8222;Gesamtschulempfehlung&#8220; erreichen will.<\/p>\n<p>Der stellv. Vorsitzender der Jusos Bad Oeynhausen Jens Vogel, fordert Ministerpr\u00e4sident J\u00fcrgen R\u00fcttgers auf, f\u00fcr Klarheit in der Frage \u00fcber die Zukunft der Gesamtschulen in Nordrhein-Westfalen und damit auch f\u00fcr die Gesamtschulen im M\u00fchlenkreis zu sorgen und die von ihm angeordnete \u00c4nderung der Ausbildungsordnung f\u00fcr Grundschulen zur\u00fcckzunehmen.<\/p>\n","protected":false},"excerpt":{"rendered":"<p>Der stellv. Vorsitzender der Jusos Bad Oeynhausen Jens Vogel sieht die vier Gesamtschulen im Kreis Minden-L\u00fcbbecke in Gefahr Die Gesamtschulen waren schon immer ein Dorn im Auge der Christdemokraten. Sie [&hellip;]<\/p>\n","protected":false},"author":2,"featured_media":0,"comment_status":"open","ping_status":"open","sticky":false,"template":"","format":"standard","meta":{"_uag_custom_page_level_css":"","site-sidebar-layout":"default","site-content-layout":"","ast-site-content-layout":"default","site-content-style":"default","site-sidebar-style":"default","ast-global-header-display":"","ast-banner-title-visibility":"","ast-main-header-display":"","ast-hfb-above-header-display":"","ast-hfb-below-header-display":"","ast-hfb-mobile-header-display":"","site-post-title":"","ast-breadcrumbs-content":"","ast-featured-img":"","footer-sml-layout":"","ast-disable-related-posts":"","theme-transparent-header-meta":"default","adv-header-id-meta":"","stick-header-meta":"","header-above-stick-meta":"","header-main-stick-meta":"","header-below-stick-meta":"","astra-migrate-meta-layouts":"set","ast-page-background-enabled":"default","ast-page-background-meta":{"desktop":{"background-color":"var(--ast-global-color-4)","background-image":"","background-repeat":"repeat","background-position":"center center","background-size":"auto","background-attachment":"scroll","background-type":"","background-media":"","overlay-type":"","overlay-color":"","overlay-opacity":"","overlay-gradient":""},"tablet":{"background-color":"","background-image":"","background-repeat":"repeat","background-position":"center center","background-size":"auto","background-attachment":"scroll","background-type":"","background-media":"","overlay-type":"","overlay-color":"","overlay-opacity":"","overlay-gradient":""},"mobile":{"background-color":"","background-image":"","background-repeat":"repeat","background-position":"center center","background-size":"auto","background-attachment":"scroll","background-type":"","background-media":"","overlay-type":"","overlay-color":"","overlay-opacity":"","overlay-gradient":""}},"ast-content-background-meta":{"desktop":{"background-color":"var(--ast-global-color-5)","background-image":"","background-repeat":"repeat","background-position":"center center","background-size":"auto","background-attachment":"scroll","background-type":"","background-media":"","overlay-type":"","overlay-color":"","overlay-opacity":"","overlay-gradient":""},"tablet":{"background-color":"var(--ast-global-color-5)","background-image":"","background-repeat":"repeat","background-position":"center center","background-size":"auto","background-attachment":"scroll","background-type":"","background-media":"","overlay-type":"","overlay-color":"","overlay-opacity":"","overlay-gradient":""},"mobile":{"background-color":"var(--ast-global-color-5)","background-image":"","background-repeat":"repeat","background-position":"center center","background-size":"auto","background-attachment":"scroll","background-type":"","background-media":"","overlay-type":"","overlay-color":"","overlay-opacity":"","overlay-gradient":""}},"footnotes":""},"categories":[8,5,4],"tags":[94,123],"class_list":["post-475","post","type-post","status-publish","format-standard","hentry","category-ag-bad-oeynhausen","category-aus-den-agn","category-presse-news","tag-bildung","tag-gesamtschule"],"uagb_featured_image_src":{"full":false,"thumbnail":false,"medium":false,"medium_large":false,"large":false,"1536x1536":false,"2048x2048":false,"slide-thumbnail":false},"uagb_author_info":{"display_name":"Redaktion","author_link":"https:\/\/www.dasroteteam.de\/jusos\/author\/vogelje\/"},"uagb_comment_info":0,"uagb_excerpt":"Der stellv. Vorsitzender der Jusos Bad Oeynhausen Jens Vogel sieht die vier Gesamtschulen im Kreis Minden-L\u00fcbbecke in Gefahr Die Gesamtschulen waren schon immer ein Dorn im Auge der Christdemokraten. Sie [&hellip;]","_links":{"self":[{"href":"https:\/\/www.dasroteteam.de\/jusos\/wp-json\/wp\/v2\/posts\/475","targetHints":{"allow":["GET"]}}],"collection":[{"href":"https:\/\/www.dasroteteam.de\/jusos\/wp-json\/wp\/v2\/posts"}],"about":[{"href":"https:\/\/www.dasroteteam.de\/jusos\/wp-json\/wp\/v2\/types\/post"}],"author":[{"embeddable":true,"href":"https:\/\/www.dasroteteam.de\/jusos\/wp-json\/wp\/v2\/users\/2"}],"replies":[{"embeddable":true,"href":"https:\/\/www.dasroteteam.de\/jusos\/wp-json\/wp\/v2\/comments?post=475"}],"version-history":[{"count":0,"href":"https:\/\/www.dasroteteam.de\/jusos\/wp-json\/wp\/v2\/posts\/475\/revisions"}],"wp:attachment":[{"href":"https:\/\/www.dasroteteam.de\/jusos\/wp-json\/wp\/v2\/media?parent=475"}],"wp:term":[{"taxonomy":"category","embeddable":true,"href":"https:\/\/www.dasroteteam.de\/jusos\/wp-json\/wp\/v2\/categories?post=475"},{"taxonomy":"post_tag","embeddable":true,"href":"https:\/\/www.dasroteteam.de\/jusos\/wp-json\/wp\/v2\/tags?post=475"}],"curies":[{"name":"wp","href":"https:\/\/api.w.org\/{rel}","templated":true}]}}