{"id":466,"date":"2009-08-05T12:53:12","date_gmt":"2009-08-05T10:53:12","guid":{"rendered":"https:\/\/www.dasroteteam.de\/jusos\/?p=466"},"modified":"2013-02-14T12:55:12","modified_gmt":"2013-02-14T10:55:12","slug":"rot-links-feurig-unsere-ideen-fur-unsere-zukunft","status":"publish","type":"post","link":"https:\/\/www.dasroteteam.de\/jusos\/2009\/08\/05\/rot-links-feurig-unsere-ideen-fur-unsere-zukunft\/","title":{"rendered":"\u00e2\u20ac\u017eRot, links, feurig\u00e2\u20ac\u0153: Unsere Ideen f\u00c3\u00bcr unsere Zukunft"},"content":{"rendered":"<p><strong>Jusos im Kreis stellen eigenes Wahlprogramm vor<\/strong><\/p>\n<p><a href=\"https:\/\/www.dasroteteam.de\/jusos\/wp-content\/uploads\/2013\/02\/7885b7ac8b.jpg\" rel=\"lightbox[466]\"><img fetchpriority=\"high\" decoding=\"async\" class=\"aligncenter size-full wp-image-467\" alt=\"7885b7ac8b\" src=\"https:\/\/www.dasroteteam.de\/jusos\/wp-content\/uploads\/2013\/02\/7885b7ac8b.jpg\" width=\"500\" height=\"374\" srcset=\"https:\/\/www.dasroteteam.de\/jusos\/wp-content\/uploads\/2013\/02\/7885b7ac8b.jpg 500w, https:\/\/www.dasroteteam.de\/jusos\/wp-content\/uploads\/2013\/02\/7885b7ac8b-300x224.jpg 300w\" sizes=\"(max-width: 500px) 100vw, 500px\" \/><\/a><\/p>\n<p>Oft beklagen sich Jugendliche \u00c3\u00bcber Parteien, die auf ihre Probleme nicht eingehen und f\u00c3\u00bchlen sich nicht miteinbezogen. Um diesem Vorwurf zu begegnen, haben die Jusos Minden-L\u00c3\u00bcbbecke erstmals ein eigenes Wahlprogramm zu den anstehenden Wahlen entworfen, das das Wahlprogramm der SPD erg\u00c3\u00a4nzen soll.<\/p>\n<p>Damit wollen sie Punkte aufgreifen, die in der Alltagspolitik oft untergehen. Dabei geht es nicht nur um die ganz gro\u00c3\u0178en Themen, sondern auch um die praktischen Probleme vor Ort. Zum Beispiel geht es um die Frage, wie Jugendliche in unserm Fl\u00c3\u00a4chenkreis abends sicher zur Party und von dort wieder nach Hause gelangen k\u00c3\u00b6nnen.<\/p>\n<p>\u00e2\u20ac\u017eEs ist endlich Zeit f\u00c3\u00bcr ein kreisweites Nachtbussystem, das w\u00c3\u00bcrde vielen Jugendlichen sehr helfen\u00e2\u20ac\u0153, so der Juso-Vorsitzende Jens H\u00c3\u00bcbsch, der bei der Kommunalwahl auch f\u00c3\u00bcr den Kreistag kandidiert.<\/p>\n<p>Am wichtigsten ist den Jungsozialisten aber das, was auch ihren Altersgenossen Sorgen macht: die Themen Schule und Ausbildung. Gerade in der Wirtschaftskrise ist es f\u00c3\u00bcr die Jusos daher wichtig zu betonen, dass nicht nur aktuell zu wenig Ausbildungspl\u00c3\u00a4tze da sind, sondern dass dauerhaft Reformen f\u00c3\u00bcr mehr und auch bessere Ausbildungspl\u00c3\u00a4tze gebraucht werden.<\/p>\n<p>Die Probleme, die dazu im Wahlprogramm angegangen werden, sind zahlreich: Die Jusos fordern strengere Regelungen f\u00c3\u00bcr Praktika, Lohngleichheit auch f\u00c3\u00bcr ZeitarbeiterInnen, und mehr Investitionen in die Berufsschulen.<\/p>\n<div>\n<p>In der Schulpolitik fordern die Jusos ein Umdenken, das das dreigliedrige Schulsystem endlich beendet. Auch hier habe Qualit\u00c3\u00a4t seinen Preis, so dass mehr in Bildung investiert werden m\u00c3\u00bcsse. Dass die Jusos bei dieser Forderung die Sch\u00c3\u00bcler an ihrer Seite haben, hat auch der Bildungsstreik gezeigt, der auch im Kreis Minden-L\u00c3\u00bcbbecke stattgefunden hat.<\/p>\n<p>Bei ihrem Wahlprogramm reicht es den Jusos allerdings nicht aus, nur auf die gro\u00c3\u0178e Politik zu schauen. \u00e2\u20ac\u017eGenau so wie wir Forderungen an die Bundespolitik haben, so richten wir auch Forderungen an unsere sozialdemokratischen B\u00c3\u00bcrgermeister vor Ort.\u00e2\u20ac\u0153, so die Jusos. Denn nicht nur die Landesregierung entscheide \u00c3\u00bcber die Zukunft der Sch\u00c3\u00bcler, sondern auch die Kommunalpolitik mit dem Schulentwicklungsplan.<\/p>\n<p>Mit ihrem Wahlprogramm wollen die Jusos Antworten auf die Fragen und Sorgen der Jugendlichen bieten und damit zum Mitdiskutieren anregen. Und nicht zuletzt wollen sich die Jusos im Kreis Minden-L\u00c3\u00bcbbecke ein eigenes Profil geben und ihre Forderungen und Ideen f\u00c3\u00bcr die Zukunft in die \u00c3\u2013ffentlichkeit tragen.<\/p>\n<\/div>\n","protected":false},"excerpt":{"rendered":"<p>Jusos im Kreis stellen eigenes Wahlprogramm vor Oft beklagen sich Jugendliche \u00c3\u00bcber Parteien, die auf ihre Probleme nicht eingehen und f\u00c3\u00bchlen sich nicht miteinbezogen. Um diesem Vorwurf zu begegnen, haben [&hellip;]<\/p>\n","protected":false},"author":2,"featured_media":467,"comment_status":"open","ping_status":"open","sticky":false,"template":"","format":"standard","meta":{"_uag_custom_page_level_css":"","site-sidebar-layout":"default","site-content-layout":"","ast-site-content-layout":"default","site-content-style":"default","site-sidebar-style":"default","ast-global-header-display":"","ast-banner-title-visibility":"","ast-main-header-display":"","ast-hfb-above-header-display":"","ast-hfb-below-header-display":"","ast-hfb-mobile-header-display":"","site-post-title":"","ast-breadcrumbs-content":"","ast-featured-img":"","footer-sml-layout":"","ast-disable-related-posts":"","theme-transparent-header-meta":"","adv-header-id-meta":"","stick-header-meta":"","header-above-stick-meta":"","header-main-stick-meta":"","header-below-stick-meta":"","astra-migrate-meta-layouts":"default","ast-page-background-enabled":"default","ast-page-background-meta":{"desktop":{"background-color":"var(--ast-global-color-4)","background-image":"","background-repeat":"repeat","background-position":"center center","background-size":"auto","background-attachment":"scroll","background-type":"","background-media":"","overlay-type":"","overlay-color":"","overlay-opacity":"","overlay-gradient":""},"tablet":{"background-color":"","background-image":"","background-repeat":"repeat","background-position":"center center","background-size":"auto","background-attachment":"scroll","background-type":"","background-media":"","overlay-type":"","overlay-color":"","overlay-opacity":"","overlay-gradient":""},"mobile":{"background-color":"","background-image":"","background-repeat":"repeat","background-position":"center center","background-size":"auto","background-attachment":"scroll","background-type":"","background-media":"","overlay-type":"","overlay-color":"","overlay-opacity":"","overlay-gradient":""}},"ast-content-background-meta":{"desktop":{"background-color":"var(--ast-global-color-5)","background-image":"","background-repeat":"repeat","background-position":"center center","background-size":"auto","background-attachment":"scroll","background-type":"","background-media":"","overlay-type":"","overlay-color":"","overlay-opacity":"","overlay-gradient":""},"tablet":{"background-color":"var(--ast-global-color-5)","background-image":"","background-repeat":"repeat","background-position":"center center","background-size":"auto","background-attachment":"scroll","background-type":"","background-media":"","overlay-type":"","overlay-color":"","overlay-opacity":"","overlay-gradient":""},"mobile":{"background-color":"var(--ast-global-color-5)","background-image":"","background-repeat":"repeat","background-position":"center center","background-size":"auto","background-attachment":"scroll","background-type":"","background-media":"","overlay-type":"","overlay-color":"","overlay-opacity":"","overlay-gradient":""}},"footnotes":""},"categories":[14,21,4],"tags":[120],"class_list":["post-466","post","type-post","status-publish","format-standard","has-post-thumbnail","hentry","category-das-rote-team","category-aus-dem-ub","category-presse-news","tag-wahlprogramm"],"uagb_featured_image_src":{"full":["https:\/\/www.dasroteteam.de\/jusos\/wp-content\/uploads\/2013\/02\/7885b7ac8b.jpg",500,374,false],"thumbnail":["https:\/\/www.dasroteteam.de\/jusos\/wp-content\/uploads\/2013\/02\/7885b7ac8b-150x150.jpg",80,80,true],"medium":["https:\/\/www.dasroteteam.de\/jusos\/wp-content\/uploads\/2013\/02\/7885b7ac8b-300x224.jpg",300,224,true],"medium_large":["https:\/\/www.dasroteteam.de\/jusos\/wp-content\/uploads\/2013\/02\/7885b7ac8b.jpg",500,374,false],"large":["https:\/\/www.dasroteteam.de\/jusos\/wp-content\/uploads\/2013\/02\/7885b7ac8b.jpg",500,374,false],"1536x1536":["https:\/\/www.dasroteteam.de\/jusos\/wp-content\/uploads\/2013\/02\/7885b7ac8b.jpg",500,374,false],"2048x2048":["https:\/\/www.dasroteteam.de\/jusos\/wp-content\/uploads\/2013\/02\/7885b7ac8b.jpg",500,374,false],"slide-thumbnail":["https:\/\/www.dasroteteam.de\/jusos\/wp-content\/uploads\/2013\/02\/7885b7ac8b.jpg",500,374,false]},"uagb_author_info":{"display_name":"Redaktion","author_link":"https:\/\/www.dasroteteam.de\/jusos\/author\/vogelje\/"},"uagb_comment_info":0,"uagb_excerpt":"Jusos im Kreis stellen eigenes Wahlprogramm vor Oft beklagen sich Jugendliche \u00c3\u00bcber Parteien, die auf ihre Probleme nicht eingehen und f\u00c3\u00bchlen sich nicht miteinbezogen. Um diesem Vorwurf zu begegnen, haben [&hellip;]","_links":{"self":[{"href":"https:\/\/www.dasroteteam.de\/jusos\/wp-json\/wp\/v2\/posts\/466","targetHints":{"allow":["GET"]}}],"collection":[{"href":"https:\/\/www.dasroteteam.de\/jusos\/wp-json\/wp\/v2\/posts"}],"about":[{"href":"https:\/\/www.dasroteteam.de\/jusos\/wp-json\/wp\/v2\/types\/post"}],"author":[{"embeddable":true,"href":"https:\/\/www.dasroteteam.de\/jusos\/wp-json\/wp\/v2\/users\/2"}],"replies":[{"embeddable":true,"href":"https:\/\/www.dasroteteam.de\/jusos\/wp-json\/wp\/v2\/comments?post=466"}],"version-history":[{"count":0,"href":"https:\/\/www.dasroteteam.de\/jusos\/wp-json\/wp\/v2\/posts\/466\/revisions"}],"wp:featuredmedia":[{"embeddable":true,"href":"https:\/\/www.dasroteteam.de\/jusos\/wp-json\/wp\/v2\/media\/467"}],"wp:attachment":[{"href":"https:\/\/www.dasroteteam.de\/jusos\/wp-json\/wp\/v2\/media?parent=466"}],"wp:term":[{"taxonomy":"category","embeddable":true,"href":"https:\/\/www.dasroteteam.de\/jusos\/wp-json\/wp\/v2\/categories?post=466"},{"taxonomy":"post_tag","embeddable":true,"href":"https:\/\/www.dasroteteam.de\/jusos\/wp-json\/wp\/v2\/tags?post=466"}],"curies":[{"name":"wp","href":"https:\/\/api.w.org\/{rel}","templated":true}]}}