{"id":448,"date":"2008-07-18T12:38:46","date_gmt":"2008-07-18T10:38:46","guid":{"rendered":"https:\/\/www.dasroteteam.de\/jusos\/?p=448"},"modified":"2013-02-14T12:40:35","modified_gmt":"2013-02-14T10:40:35","slug":"kein-platz-fur-rassismus","status":"publish","type":"post","link":"https:\/\/www.dasroteteam.de\/jusos\/2008\/07\/18\/kein-platz-fur-rassismus\/","title":{"rendered":"Kein Platz f\u00c3\u00bcr Rassismus!"},"content":{"rendered":"<p><strong>Nachdem bisher unbekannte T\u00c3\u00a4ter in Bad Oeynhausen-Volmerdingsen mehrere Werbetafeln und Stromversorgungsk\u00c3\u00a4sten mit Hakenkreuzen beschmiert haben, erkl\u00c3\u00a4ren die Jusos Minden-L\u00c3\u00bcbbecke:<\/strong><\/p>\n<p><a href=\"https:\/\/www.dasroteteam.de\/jusos\/wp-content\/uploads\/2013\/02\/destroy.jpg\" rel=\"lightbox[448]\"><img decoding=\"async\" class=\"alignleft size-full wp-image-449\" alt=\"destroy\" src=\"https:\/\/www.dasroteteam.de\/jusos\/wp-content\/uploads\/2013\/02\/destroy.jpg\" width=\"200\" height=\"140\" \/><\/a>Die Jusos Minden-L\u00c3\u00bcbbecke verurteilen die Hakenkreuzeschmierereien an mehreren Werbetafeln und Stromversorgungsk\u00c3\u00a4sten in Bad Oeynhausen-Volmerdingsen im Bereich der Stra\u00c3\u0178en \u00e2\u20ac\u0153Weinstra\u00c3\u0178e\u00e2\u20ac\u009d und \u00e2\u20ac\u0153\u00c3\u2013ringsener Stra\u00c3\u0178e\u00e2\u20ac\u009d.<\/p>\n<p>Bei den Attacken handelt es sich keineswegs um Kavaliersdelikte, sondern um Straftaten, die verfolgt werden m\u00c3\u00bcssen. Und dies v\u00c3\u00b6llig unabh\u00c3\u00a4ngig davon, ob es sich dabei um dumme Streiche von unwissenden Jugendlichen oder um bewusste Aktionen von rechtsextremen Gruppierungen aus der Region handelt.<\/p>\n<p>Solche vermehrten Schmierattacken von Rechts, in fast allen Kommunen des Kreises, machen deutlich, dass der Kampf gegen Rechtsextremismus und Fremdenfeindlichkeit noch lange nicht gewonnen ist.<\/p>\n<p>Wir rufen die B\u00c3\u00bcrgerinnen und B\u00c3\u00bcrger, insbesondere die jungen Menschen, deswegen zu Zivilcourage und Wachsamkeit auf. Dies bedeutet auch, rechtsextreme Hetze und Schmierereien den Beh\u00c3\u00b6rden zu melden!<\/p>\n<p><strong>Schaut nicht weg &#8211; Mischt euch ein!<\/strong><\/p>\n","protected":false},"excerpt":{"rendered":"<p>Nachdem bisher unbekannte T\u00c3\u00a4ter in Bad Oeynhausen-Volmerdingsen mehrere Werbetafeln und Stromversorgungsk\u00c3\u00a4sten mit Hakenkreuzen beschmiert haben, erkl\u00c3\u00a4ren die Jusos Minden-L\u00c3\u00bcbbecke: Die Jusos Minden-L\u00c3\u00bcbbecke verurteilen die Hakenkreuzeschmierereien an mehreren Werbetafeln und Stromversorgungsk\u00c3\u00a4sten [&hellip;]<\/p>\n","protected":false},"author":2,"featured_media":449,"comment_status":"open","ping_status":"open","sticky":false,"template":"","format":"standard","meta":{"_uag_custom_page_level_css":"","site-sidebar-layout":"default","site-content-layout":"","ast-site-content-layout":"default","site-content-style":"default","site-sidebar-style":"default","ast-global-header-display":"","ast-banner-title-visibility":"","ast-main-header-display":"","ast-hfb-above-header-display":"","ast-hfb-below-header-display":"","ast-hfb-mobile-header-display":"","site-post-title":"","ast-breadcrumbs-content":"","ast-featured-img":"","footer-sml-layout":"","ast-disable-related-posts":"","theme-transparent-header-meta":"","adv-header-id-meta":"","stick-header-meta":"","header-above-stick-meta":"","header-main-stick-meta":"","header-below-stick-meta":"","astra-migrate-meta-layouts":"default","ast-page-background-enabled":"default","ast-page-background-meta":{"desktop":{"background-color":"var(--ast-global-color-4)","background-image":"","background-repeat":"repeat","background-position":"center center","background-size":"auto","background-attachment":"scroll","background-type":"","background-media":"","overlay-type":"","overlay-color":"","overlay-opacity":"","overlay-gradient":""},"tablet":{"background-color":"","background-image":"","background-repeat":"repeat","background-position":"center center","background-size":"auto","background-attachment":"scroll","background-type":"","background-media":"","overlay-type":"","overlay-color":"","overlay-opacity":"","overlay-gradient":""},"mobile":{"background-color":"","background-image":"","background-repeat":"repeat","background-position":"center center","background-size":"auto","background-attachment":"scroll","background-type":"","background-media":"","overlay-type":"","overlay-color":"","overlay-opacity":"","overlay-gradient":""}},"ast-content-background-meta":{"desktop":{"background-color":"var(--ast-global-color-5)","background-image":"","background-repeat":"repeat","background-position":"center center","background-size":"auto","background-attachment":"scroll","background-type":"","background-media":"","overlay-type":"","overlay-color":"","overlay-opacity":"","overlay-gradient":""},"tablet":{"background-color":"var(--ast-global-color-5)","background-image":"","background-repeat":"repeat","background-position":"center center","background-size":"auto","background-attachment":"scroll","background-type":"","background-media":"","overlay-type":"","overlay-color":"","overlay-opacity":"","overlay-gradient":""},"mobile":{"background-color":"var(--ast-global-color-5)","background-image":"","background-repeat":"repeat","background-position":"center center","background-size":"auto","background-attachment":"scroll","background-type":"","background-media":"","overlay-type":"","overlay-color":"","overlay-opacity":"","overlay-gradient":""}},"footnotes":""},"categories":[8,21,5,36,4],"tags":[350],"class_list":["post-448","post","type-post","status-publish","format-standard","has-post-thumbnail","hentry","category-ag-bad-oeynhausen","category-aus-dem-ub","category-aus-den-agn","category-gegen-rechts","category-presse-news","tag-gegen-rechts"],"uagb_featured_image_src":{"full":["https:\/\/www.dasroteteam.de\/jusos\/wp-content\/uploads\/2013\/02\/destroy.jpg",200,140,false],"thumbnail":["https:\/\/www.dasroteteam.de\/jusos\/wp-content\/uploads\/2013\/02\/destroy-150x140.jpg",80,75,true],"medium":["https:\/\/www.dasroteteam.de\/jusos\/wp-content\/uploads\/2013\/02\/destroy.jpg",200,140,false],"medium_large":["https:\/\/www.dasroteteam.de\/jusos\/wp-content\/uploads\/2013\/02\/destroy.jpg",200,140,false],"large":["https:\/\/www.dasroteteam.de\/jusos\/wp-content\/uploads\/2013\/02\/destroy.jpg",200,140,false],"1536x1536":["https:\/\/www.dasroteteam.de\/jusos\/wp-content\/uploads\/2013\/02\/destroy.jpg",200,140,false],"2048x2048":["https:\/\/www.dasroteteam.de\/jusos\/wp-content\/uploads\/2013\/02\/destroy.jpg",200,140,false],"slide-thumbnail":["https:\/\/www.dasroteteam.de\/jusos\/wp-content\/uploads\/2013\/02\/destroy.jpg",200,140,false]},"uagb_author_info":{"display_name":"Redaktion","author_link":"https:\/\/www.dasroteteam.de\/jusos\/author\/vogelje\/"},"uagb_comment_info":0,"uagb_excerpt":"Nachdem bisher unbekannte T\u00c3\u00a4ter in Bad Oeynhausen-Volmerdingsen mehrere Werbetafeln und Stromversorgungsk\u00c3\u00a4sten mit Hakenkreuzen beschmiert haben, erkl\u00c3\u00a4ren die Jusos Minden-L\u00c3\u00bcbbecke: Die Jusos Minden-L\u00c3\u00bcbbecke verurteilen die Hakenkreuzeschmierereien an mehreren Werbetafeln und Stromversorgungsk\u00c3\u00a4sten [&hellip;]","_links":{"self":[{"href":"https:\/\/www.dasroteteam.de\/jusos\/wp-json\/wp\/v2\/posts\/448","targetHints":{"allow":["GET"]}}],"collection":[{"href":"https:\/\/www.dasroteteam.de\/jusos\/wp-json\/wp\/v2\/posts"}],"about":[{"href":"https:\/\/www.dasroteteam.de\/jusos\/wp-json\/wp\/v2\/types\/post"}],"author":[{"embeddable":true,"href":"https:\/\/www.dasroteteam.de\/jusos\/wp-json\/wp\/v2\/users\/2"}],"replies":[{"embeddable":true,"href":"https:\/\/www.dasroteteam.de\/jusos\/wp-json\/wp\/v2\/comments?post=448"}],"version-history":[{"count":0,"href":"https:\/\/www.dasroteteam.de\/jusos\/wp-json\/wp\/v2\/posts\/448\/revisions"}],"wp:featuredmedia":[{"embeddable":true,"href":"https:\/\/www.dasroteteam.de\/jusos\/wp-json\/wp\/v2\/media\/449"}],"wp:attachment":[{"href":"https:\/\/www.dasroteteam.de\/jusos\/wp-json\/wp\/v2\/media?parent=448"}],"wp:term":[{"taxonomy":"category","embeddable":true,"href":"https:\/\/www.dasroteteam.de\/jusos\/wp-json\/wp\/v2\/categories?post=448"},{"taxonomy":"post_tag","embeddable":true,"href":"https:\/\/www.dasroteteam.de\/jusos\/wp-json\/wp\/v2\/tags?post=448"}],"curies":[{"name":"wp","href":"https:\/\/api.w.org\/{rel}","templated":true}]}}