{"id":441,"date":"2008-11-23T12:33:59","date_gmt":"2008-11-23T10:33:59","guid":{"rendered":"https:\/\/www.dasroteteam.de\/jusos\/?p=441"},"modified":"2013-02-14T12:36:43","modified_gmt":"2013-02-14T10:36:43","slug":"jusos-diskutieren-mit-achim-post","status":"publish","type":"post","link":"https:\/\/www.dasroteteam.de\/jusos\/2008\/11\/23\/jusos-diskutieren-mit-achim-post\/","title":{"rendered":"Jusos diskutieren mit Achim Post"},"content":{"rendered":"<p>Am vergangenen Samstag trafen sich die Jusos Minden-L\u00c3\u00bcbbecke mit dem SPD-Bundestagskandidaten und stellv. Bundesgesch\u00c3\u00a4ftsf\u00c3\u00bchrer der SPD Achim Post im Mindener Juso-B\u00c3\u00bcro zu einen gemeinsamen Arbeitsfr\u00c3\u00bchst\u00c3\u00bcck.<\/p>\n<p><a href=\"https:\/\/www.dasroteteam.de\/jusos\/wp-content\/uploads\/2013\/02\/DSCF1005.jpg\" rel=\"lightbox[441]\"><img fetchpriority=\"high\" decoding=\"async\" class=\"aligncenter size-full wp-image-442\" alt=\"DSCF1005\" src=\"https:\/\/www.dasroteteam.de\/jusos\/wp-content\/uploads\/2013\/02\/DSCF1005.jpg\" width=\"549\" height=\"412\" srcset=\"https:\/\/www.dasroteteam.de\/jusos\/wp-content\/uploads\/2013\/02\/DSCF1005.jpg 549w, https:\/\/www.dasroteteam.de\/jusos\/wp-content\/uploads\/2013\/02\/DSCF1005-300x225.jpg 300w\" sizes=\"(max-width: 549px) 100vw, 549px\" \/><\/a><\/p>\n<p>Die Jusos und Achim Post diskutierten \u00c3\u00bcber die anstehenden Wahlk\u00c3\u00a4mpfe im n\u00c3\u00a4chsten Jahr und planten gemeinsame Aktionen die man im Wahlkampf durchf\u00c3\u00bchren will. Neben Diskussionsveranstaltungen mit Jugendlichen, Interaktionsst\u00c3\u00a4nden wird auch das Internet wieder eine gro\u00c3\u0178e Rolle spielen. Dazu wird das Juso-Wahlportal &#8222;Das Rote Team&#8220; wieder online gehen, welches komplett \u00c3\u00bcberarbeitet werden soll.<\/p>\n<p><a href=\"https:\/\/www.dasroteteam.de\/jusos\/wp-content\/uploads\/2013\/02\/DSCF1011.jpg\" rel=\"lightbox[441]\"><img decoding=\"async\" class=\"aligncenter size-full wp-image-443\" alt=\"DSCF1011\" src=\"https:\/\/www.dasroteteam.de\/jusos\/wp-content\/uploads\/2013\/02\/DSCF1011.jpg\" width=\"549\" height=\"412\" srcset=\"https:\/\/www.dasroteteam.de\/jusos\/wp-content\/uploads\/2013\/02\/DSCF1011.jpg 549w, https:\/\/www.dasroteteam.de\/jusos\/wp-content\/uploads\/2013\/02\/DSCF1011-300x225.jpg 300w\" sizes=\"(max-width: 549px) 100vw, 549px\" \/><\/a><\/p>\n<p>Anschlie\u00c3\u0178end diskutierten die Jusos \u00c3\u00bcber das geplante Nachbussystem, welches derzeit im Kreistag behandelt wird. Die Jusos machten sich erste Gedanken \u00c3\u00bcber m\u00c3\u00b6gliche Linien die die St\u00c3\u00a4dte in den sp\u00c3\u00a4ten Abendstunden, vorallem am Wochenende miteinander verbinden sollen. Die Jusos hatten im April einen Nachtzugantrag beim Unterbezirksparteitag eingereicht, der mit deutlicher Mehrheit von Delegierten angenommen wurde und indem der Kreistag beauftragt wird, sich mit der Planung und Einrichtung eines Nachtbussystems zu besch\u00c3\u00a4ftigen.<\/p>\n","protected":false},"excerpt":{"rendered":"<p>Am vergangenen Samstag trafen sich die Jusos Minden-L\u00c3\u00bcbbecke mit dem SPD-Bundestagskandidaten und stellv. Bundesgesch\u00c3\u00a4ftsf\u00c3\u00bchrer der SPD Achim Post im Mindener Juso-B\u00c3\u00bcro zu einen gemeinsamen Arbeitsfr\u00c3\u00bchst\u00c3\u00bcck. Die Jusos und Achim Post [&hellip;]<\/p>\n","protected":false},"author":2,"featured_media":442,"comment_status":"open","ping_status":"open","sticky":false,"template":"","format":"standard","meta":{"_uag_custom_page_level_css":"","site-sidebar-layout":"default","site-content-layout":"","ast-site-content-layout":"default","site-content-style":"default","site-sidebar-style":"default","ast-global-header-display":"","ast-banner-title-visibility":"","ast-main-header-display":"","ast-hfb-above-header-display":"","ast-hfb-below-header-display":"","ast-hfb-mobile-header-display":"","site-post-title":"","ast-breadcrumbs-content":"","ast-featured-img":"","footer-sml-layout":"","ast-disable-related-posts":"","theme-transparent-header-meta":"","adv-header-id-meta":"","stick-header-meta":"","header-above-stick-meta":"","header-main-stick-meta":"","header-below-stick-meta":"","astra-migrate-meta-layouts":"default","ast-page-background-enabled":"default","ast-page-background-meta":{"desktop":{"background-color":"var(--ast-global-color-4)","background-image":"","background-repeat":"repeat","background-position":"center center","background-size":"auto","background-attachment":"scroll","background-type":"","background-media":"","overlay-type":"","overlay-color":"","overlay-opacity":"","overlay-gradient":""},"tablet":{"background-color":"","background-image":"","background-repeat":"repeat","background-position":"center center","background-size":"auto","background-attachment":"scroll","background-type":"","background-media":"","overlay-type":"","overlay-color":"","overlay-opacity":"","overlay-gradient":""},"mobile":{"background-color":"","background-image":"","background-repeat":"repeat","background-position":"center center","background-size":"auto","background-attachment":"scroll","background-type":"","background-media":"","overlay-type":"","overlay-color":"","overlay-opacity":"","overlay-gradient":""}},"ast-content-background-meta":{"desktop":{"background-color":"var(--ast-global-color-5)","background-image":"","background-repeat":"repeat","background-position":"center center","background-size":"auto","background-attachment":"scroll","background-type":"","background-media":"","overlay-type":"","overlay-color":"","overlay-opacity":"","overlay-gradient":""},"tablet":{"background-color":"var(--ast-global-color-5)","background-image":"","background-repeat":"repeat","background-position":"center center","background-size":"auto","background-attachment":"scroll","background-type":"","background-media":"","overlay-type":"","overlay-color":"","overlay-opacity":"","overlay-gradient":""},"mobile":{"background-color":"var(--ast-global-color-5)","background-image":"","background-repeat":"repeat","background-position":"center center","background-size":"auto","background-attachment":"scroll","background-type":"","background-media":"","overlay-type":"","overlay-color":"","overlay-opacity":"","overlay-gradient":""}},"footnotes":""},"categories":[21],"tags":[102,117],"class_list":["post-441","post","type-post","status-publish","format-standard","has-post-thumbnail","hentry","category-aus-dem-ub","tag-nachtbus","tag-wahlkampf"],"uagb_featured_image_src":{"full":["https:\/\/www.dasroteteam.de\/jusos\/wp-content\/uploads\/2013\/02\/DSCF1005.jpg",549,412,false],"thumbnail":["https:\/\/www.dasroteteam.de\/jusos\/wp-content\/uploads\/2013\/02\/DSCF1005-150x150.jpg",80,80,true],"medium":["https:\/\/www.dasroteteam.de\/jusos\/wp-content\/uploads\/2013\/02\/DSCF1005-300x225.jpg",300,225,true],"medium_large":["https:\/\/www.dasroteteam.de\/jusos\/wp-content\/uploads\/2013\/02\/DSCF1005.jpg",549,412,false],"large":["https:\/\/www.dasroteteam.de\/jusos\/wp-content\/uploads\/2013\/02\/DSCF1005.jpg",549,412,false],"1536x1536":["https:\/\/www.dasroteteam.de\/jusos\/wp-content\/uploads\/2013\/02\/DSCF1005.jpg",549,412,false],"2048x2048":["https:\/\/www.dasroteteam.de\/jusos\/wp-content\/uploads\/2013\/02\/DSCF1005.jpg",549,412,false],"slide-thumbnail":["https:\/\/www.dasroteteam.de\/jusos\/wp-content\/uploads\/2013\/02\/DSCF1005.jpg",549,412,false]},"uagb_author_info":{"display_name":"Redaktion","author_link":"https:\/\/www.dasroteteam.de\/jusos\/author\/vogelje\/"},"uagb_comment_info":0,"uagb_excerpt":"Am vergangenen Samstag trafen sich die Jusos Minden-L\u00c3\u00bcbbecke mit dem SPD-Bundestagskandidaten und stellv. Bundesgesch\u00c3\u00a4ftsf\u00c3\u00bchrer der SPD Achim Post im Mindener Juso-B\u00c3\u00bcro zu einen gemeinsamen Arbeitsfr\u00c3\u00bchst\u00c3\u00bcck. Die Jusos und Achim Post [&hellip;]","_links":{"self":[{"href":"https:\/\/www.dasroteteam.de\/jusos\/wp-json\/wp\/v2\/posts\/441","targetHints":{"allow":["GET"]}}],"collection":[{"href":"https:\/\/www.dasroteteam.de\/jusos\/wp-json\/wp\/v2\/posts"}],"about":[{"href":"https:\/\/www.dasroteteam.de\/jusos\/wp-json\/wp\/v2\/types\/post"}],"author":[{"embeddable":true,"href":"https:\/\/www.dasroteteam.de\/jusos\/wp-json\/wp\/v2\/users\/2"}],"replies":[{"embeddable":true,"href":"https:\/\/www.dasroteteam.de\/jusos\/wp-json\/wp\/v2\/comments?post=441"}],"version-history":[{"count":0,"href":"https:\/\/www.dasroteteam.de\/jusos\/wp-json\/wp\/v2\/posts\/441\/revisions"}],"wp:featuredmedia":[{"embeddable":true,"href":"https:\/\/www.dasroteteam.de\/jusos\/wp-json\/wp\/v2\/media\/442"}],"wp:attachment":[{"href":"https:\/\/www.dasroteteam.de\/jusos\/wp-json\/wp\/v2\/media?parent=441"}],"wp:term":[{"taxonomy":"category","embeddable":true,"href":"https:\/\/www.dasroteteam.de\/jusos\/wp-json\/wp\/v2\/categories?post=441"},{"taxonomy":"post_tag","embeddable":true,"href":"https:\/\/www.dasroteteam.de\/jusos\/wp-json\/wp\/v2\/tags?post=441"}],"curies":[{"name":"wp","href":"https:\/\/api.w.org\/{rel}","templated":true}]}}