{"id":424,"date":"2007-08-04T12:20:28","date_gmt":"2007-08-04T10:20:28","guid":{"rendered":"https:\/\/www.dasroteteam.de\/jusos\/?p=424"},"modified":"2013-02-14T12:21:11","modified_gmt":"2013-02-14T10:21:11","slug":"neues-lernen-in-neuen-schulen","status":"publish","type":"post","link":"https:\/\/www.dasroteteam.de\/jusos\/2007\/08\/04\/neues-lernen-in-neuen-schulen\/","title":{"rendered":"Neues Lernen in neuen Schulen"},"content":{"rendered":"<p><strong>Der stellv. Vorsitzende der Jusos Minden-L\u00c3\u00bcbbecke Jens Vogel zur Forderung der Jusos nach einer Schulstrukturreform in NRW<\/strong><\/p>\n<p>Aktuell wird die Zukunft der schulischen Bildung in NRW wieder intensiv diskutiert. Die NRW SPD plant unter anderem zu diesem Thema einen bildungspolitischen Landesparteitag am 25.8.2007.<\/p>\n<p>Der stellv. Vorsitzender der Jusos Minden-L\u00c3\u00bcbbecke, Jens Vogel erkl\u00c3\u00a4rt zu diesem Thema: \u00e2\u20ac\u017eWir wollen nicht nur eine Debatte um die Schulstruktur. Unserer Meinung nach m\u00c3\u00bcssen auch die Inhalte der schulischen Bildung reformiert werden.\u00e2\u20ac\u0153<\/p>\n<p>Die Jusos Minden-L\u00c3\u00bcbbecke treten hierbei f\u00c3\u00bcr ein neues Lernen an neuen Schulen ein. Jens Vogel: \u00e2\u20ac\u017eNat\u00c3\u00bcrlich wollen wir ein gemeinsames Lernen mit einem gemeinsamen Abschluss nach zehn Schuljahren. Aber in einer neuen Schule muss ein neues Lernen einziehen.\u00e2\u20ac\u0153<\/p>\n<div>\n<p>Jens Vogel erl\u00c3\u00a4utert dazu die Forderungen der Jusos: \u00e2\u20ac\u017eWir wollen eine fl\u00c3\u00a4chendeckende Ganztagsschule. Au\u00c3\u0178erdem biete das gemeinsame Lernen vielf\u00c3\u00a4ltige neue und gute p\u00c3\u00a4dagogische Ans\u00c3\u00a4tze, die wir nutzen wollen. Wir stellen uns dabei vor, dass neues Lernen in einer neuen Schule verst\u00c3\u00a4rkt auf der Vermittlung von Kompetenzen und nicht nur auf dem Pauken von Wissen basieren soll.\u00e2\u20ac\u0153<\/p>\n<p>Insbesondere kritisieren die Jusos Minden-L\u00c3\u00bcbbecke aber die Politik der Schwarz-Gelben Landesregierung unter Ministerpr\u00c3\u00a4sident J\u00c3\u00bcrgen R\u00c3\u00bcttgers: \u00e2\u20ac\u017eJ\u00c3\u00bcrgen R\u00c3\u00bcttgers und seine Schulministerin Sommer f\u00c3\u00bchren NRW mit Ma\u00c3\u0178nahmen wir zentralen Abschlusspr\u00c3\u00bcfungen, Kopfnoten und veralteten Unterrichtskonzepten zur\u00c3\u00bcck ins bildungspolitische 19. Jahrhundert. Dieser Irrweg muss beendet werden.\u00e2\u20ac\u0153<\/p>\n<\/div>\n","protected":false},"excerpt":{"rendered":"<p>Der stellv. Vorsitzende der Jusos Minden-L\u00c3\u00bcbbecke Jens Vogel zur Forderung der Jusos nach einer Schulstrukturreform in NRW Aktuell wird die Zukunft der schulischen Bildung in NRW wieder intensiv diskutiert. Die [&hellip;]<\/p>\n","protected":false},"author":2,"featured_media":0,"comment_status":"open","ping_status":"open","sticky":false,"template":"","format":"standard","meta":{"_uag_custom_page_level_css":"","site-sidebar-layout":"default","site-content-layout":"","ast-site-content-layout":"default","site-content-style":"default","site-sidebar-style":"default","ast-global-header-display":"","ast-banner-title-visibility":"","ast-main-header-display":"","ast-hfb-above-header-display":"","ast-hfb-below-header-display":"","ast-hfb-mobile-header-display":"","site-post-title":"","ast-breadcrumbs-content":"","ast-featured-img":"","footer-sml-layout":"","ast-disable-related-posts":"","theme-transparent-header-meta":"","adv-header-id-meta":"","stick-header-meta":"","header-above-stick-meta":"","header-main-stick-meta":"","header-below-stick-meta":"","astra-migrate-meta-layouts":"default","ast-page-background-enabled":"default","ast-page-background-meta":{"desktop":{"background-color":"var(--ast-global-color-4)","background-image":"","background-repeat":"repeat","background-position":"center center","background-size":"auto","background-attachment":"scroll","background-type":"","background-media":"","overlay-type":"","overlay-color":"","overlay-opacity":"","overlay-gradient":""},"tablet":{"background-color":"","background-image":"","background-repeat":"repeat","background-position":"center center","background-size":"auto","background-attachment":"scroll","background-type":"","background-media":"","overlay-type":"","overlay-color":"","overlay-opacity":"","overlay-gradient":""},"mobile":{"background-color":"","background-image":"","background-repeat":"repeat","background-position":"center center","background-size":"auto","background-attachment":"scroll","background-type":"","background-media":"","overlay-type":"","overlay-color":"","overlay-opacity":"","overlay-gradient":""}},"ast-content-background-meta":{"desktop":{"background-color":"var(--ast-global-color-5)","background-image":"","background-repeat":"repeat","background-position":"center center","background-size":"auto","background-attachment":"scroll","background-type":"","background-media":"","overlay-type":"","overlay-color":"","overlay-opacity":"","overlay-gradient":""},"tablet":{"background-color":"var(--ast-global-color-5)","background-image":"","background-repeat":"repeat","background-position":"center center","background-size":"auto","background-attachment":"scroll","background-type":"","background-media":"","overlay-type":"","overlay-color":"","overlay-opacity":"","overlay-gradient":""},"mobile":{"background-color":"var(--ast-global-color-5)","background-image":"","background-repeat":"repeat","background-position":"center center","background-size":"auto","background-attachment":"scroll","background-type":"","background-media":"","overlay-type":"","overlay-color":"","overlay-opacity":"","overlay-gradient":""}},"footnotes":""},"categories":[21,4],"tags":[94,114],"class_list":["post-424","post","type-post","status-publish","format-standard","hentry","category-aus-dem-ub","category-presse-news","tag-bildung","tag-schule"],"uagb_featured_image_src":{"full":false,"thumbnail":false,"medium":false,"medium_large":false,"large":false,"1536x1536":false,"2048x2048":false,"slide-thumbnail":false},"uagb_author_info":{"display_name":"Redaktion","author_link":"https:\/\/www.dasroteteam.de\/jusos\/author\/vogelje\/"},"uagb_comment_info":0,"uagb_excerpt":"Der stellv. Vorsitzende der Jusos Minden-L\u00c3\u00bcbbecke Jens Vogel zur Forderung der Jusos nach einer Schulstrukturreform in NRW Aktuell wird die Zukunft der schulischen Bildung in NRW wieder intensiv diskutiert. Die [&hellip;]","_links":{"self":[{"href":"https:\/\/www.dasroteteam.de\/jusos\/wp-json\/wp\/v2\/posts\/424","targetHints":{"allow":["GET"]}}],"collection":[{"href":"https:\/\/www.dasroteteam.de\/jusos\/wp-json\/wp\/v2\/posts"}],"about":[{"href":"https:\/\/www.dasroteteam.de\/jusos\/wp-json\/wp\/v2\/types\/post"}],"author":[{"embeddable":true,"href":"https:\/\/www.dasroteteam.de\/jusos\/wp-json\/wp\/v2\/users\/2"}],"replies":[{"embeddable":true,"href":"https:\/\/www.dasroteteam.de\/jusos\/wp-json\/wp\/v2\/comments?post=424"}],"version-history":[{"count":0,"href":"https:\/\/www.dasroteteam.de\/jusos\/wp-json\/wp\/v2\/posts\/424\/revisions"}],"wp:attachment":[{"href":"https:\/\/www.dasroteteam.de\/jusos\/wp-json\/wp\/v2\/media?parent=424"}],"wp:term":[{"taxonomy":"category","embeddable":true,"href":"https:\/\/www.dasroteteam.de\/jusos\/wp-json\/wp\/v2\/categories?post=424"},{"taxonomy":"post_tag","embeddable":true,"href":"https:\/\/www.dasroteteam.de\/jusos\/wp-json\/wp\/v2\/tags?post=424"}],"curies":[{"name":"wp","href":"https:\/\/api.w.org\/{rel}","templated":true}]}}