{"id":3613,"date":"2020-06-01T19:52:02","date_gmt":"2020-06-01T17:52:02","guid":{"rendered":"https:\/\/www.dasroteteam.de\/jusos\/?p=3613"},"modified":"2025-04-30T10:32:35","modified_gmt":"2025-04-30T08:32:35","slug":"internationale-kindertag-liebe-kinder-dies-ist-euer-tag","status":"publish","type":"post","link":"https:\/\/www.dasroteteam.de\/jusos\/2020\/06\/01\/internationale-kindertag-liebe-kinder-dies-ist-euer-tag\/","title":{"rendered":"Der Internationale Kindertag: Liebe Kinder, dies ist euer Tag!"},"content":{"rendered":"<p><em><strong>Blog von Kilian Stanau zum Internationalen Kindertag\u00a0<\/strong><\/em><\/p>\n<p>Der Internationale Weltkindertag soll deutlich auf die besonderen Bed\u00fcrfnisse der Kinder aber speziell auf dieKinderrechte aufmerksam machen. Er ist in \u00fcber 145 L\u00e4nder anerkannt. Leider gibt es kein einheitliches internationales Datum f\u00fcr den Kindertrag. Auch in Deutschland gibt es zwei unterschiedliche Termine f\u00fcr den Kindertag. In den neuen Bundesl\u00e4ndern wird der internationale Kindertrag am 01. Juni gefeiert und in den alten Bundesl\u00e4ndern gibt es den Weltkindertag der am 20. September gefeiert wird. Nach und nach wird aber der 01. Juni in Deutschland zum anerkannten Kindertag.<\/p>\n<p><!--more--><\/p>\n<p><strong>Ist<\/strong> <strong>ein<\/strong> <strong>Kindertag<\/strong> <strong>in<\/strong> <strong>Deutschland<\/strong> <strong>\u00fcberhaupt<\/strong> <strong>wichtig<\/strong><strong>? <\/strong><strong>Ja <\/strong><strong>ist<\/strong> <strong>er<\/strong><strong>, <\/strong><strong>Kinderrechte<\/strong> <strong>werden<\/strong> \u00fc<strong>berall<\/strong> <strong>verletzt<\/strong><strong>, <\/strong><strong>auch<\/strong> <strong>in<\/strong><strong>Deutschland<\/strong><strong>, <\/strong><strong>t\u00e4glich<\/strong><strong>! <\/strong><\/p>\n<p>Alleine in Deutschland wurden im Jahr 2019 \u00fcber 4000 Kinder Opfer von H\u00c3\u00a4uslicher Gewalt. Zus\u00e4tzlich wurden 15.000 Kinder Opfer von sexueller Gewalt, wobei die Dunkelziffer laut BKA deutlich h\u00f6her sein wird. Die Anzahlist steigend. Immer wieder f\u00e4lt auf, dass ein Missbrauchsfall erst nach Jahren aufgedeckt und h\u00e4usliche Gewalt nicht zur Anzeige gebracht wird.<\/p>\n<p>Es gilt Aufmerksam zu sein!<\/p>\n<p>Jeden Verdachtsfall von Gewalt und Misshandlung muss der Polizei oder dem Jugendamt gemeldet werden, nur so k\u00f6nnen wir die Kinder davor besch\u00fctzen, zu einem (dauerhaften) Opfer von Gewalt zu werden.<\/p>\n<p><strong>Auch<\/strong> <strong>die<\/strong> <strong>Bildung<\/strong> <strong>ist<\/strong> <strong>ein<\/strong> <strong>wichtiges<\/strong> <strong>Recht<\/strong> <strong>f\u00fcr<\/strong> <strong>Kinder<\/strong><strong>. <\/strong><\/p>\n<p>Besonders in der jetzigen Zeit ist es wichtig, dass die Bildung nicht auf der Strecke bleibt. Die aktuelle Pandemie, macht eine gro\u00dfe Zusammenkunft von Menschen im engen Raum unm\u00f6glich.<\/p>\n<p>Hier gilt es, das Recht auf Bildung dennoch nicht zu vernachl\u00e4ssigen, den Unterricht anders zu gestalten und den Kindern weiterhin zu erm\u00f6glichen ihr Wissen zu erweitern um keine Nachteile durch die Pandemie zu haben. Die Digitalisierung ist hier wohl einer der wichtigsten Bestandteile, die nun vorangetrieben werden muss.<\/p>\n<p><strong>Aber<\/strong> <strong>es<\/strong> <strong>gilt<\/strong> <strong>beim<\/strong> <strong>internationalen<\/strong> <strong>Kindertag<\/strong> <strong>nicht<\/strong> <strong>nur<\/strong> <strong>auf <\/strong><strong>die<\/strong> <strong>Zust\u00e4nde<\/strong> <strong>in<\/strong> <strong>Deutschland<\/strong> <strong>aufmerksam<\/strong> <strong>zu<\/strong><strong>machen <\/strong><strong>sondern<\/strong> <strong>auf<\/strong> <strong>die<\/strong> <strong>Kinderrechtsverletzung<\/strong> <strong>der<\/strong> <strong>ganzen<\/strong> <strong>Welt<\/strong><strong>. <\/strong><\/p>\n<p>So sterben laut UN mehrere Millionen Kinder pro Jahr, allein weil sie nicht ausreichende Nahrung bekommen, die medizinische Versorgung fehlt oder an den schlechten hygienischen Bedingungen.<\/p>\n<p>Aktuelle Beispiele sind das Fl\u00fcchtlingslager Lesbos auf Griechenland und die L\u00e4nder Afrikas.<\/p>\n<p>Das Fl\u00fcchtlingslager auf Lesbos in Griechenland hat \u00c3\u00bcber 7000 Kinder im Camp, teilweise kommen sie als unbegleitete Minderj\u00e4hrige \u00a0\u00fcber die Grenze und sind komplett auf sich allein gestellt. Hilfe k\u00f6nnen nur wenige von ihnen erwarten. In der Zwischenzeit erleben Sie furchtbare Dinge, wie Hunger, K\u00e4lte und sexueller Missbrauch.<\/p>\n<p>Die L\u00e4nder Subsahara-Afrikas geh\u00f6ren zu den weltweit wenigsten entwickelten L\u00e4ndern Weltweit.<\/p>\n<p>Die Geburtenrate ist extrem hoch und die Kindersterblichkeit leider ebenso. Aufwachsen ohne Eltern, mit AIDS und Hunger ist hier wohl das gr\u00f6\u00dfte Problem. Diese Kinder werden verfolgt, rekrutiert und verheiratet. Sie m\u00fcssen Arbeiten anstatt die Chance auf Bildung zu haben.<\/p>\n<p>Wir k\u00f6nnen helfen! Fl\u00fcchtlinge m\u00fcssen in Entwickelten L\u00e4ndern aufgenommen werden und weiter betreut werden. Weniger entwickelte L\u00e4nder ben\u00f6tigen Unterst\u00fctzung und Aufkl\u00e4rung.<\/p>\n<p><strong>Guckt<\/strong> <strong>am<\/strong><strong> 01. <\/strong><strong>Juni<\/strong> <strong>nicht<\/strong> <strong>weg<\/strong> <strong>und<\/strong> <strong>zeigt<\/strong> <strong>den<\/strong> <strong>Kindern<\/strong> <strong>wie <\/strong><strong>besonderes<\/strong> <strong>sie<\/strong> <strong>sind<\/strong> <strong>und<\/strong> <strong>dass<\/strong> <strong>sie<\/strong> <strong>den<\/strong> <strong>R\u00fcckhalt und <\/strong><strong>die <\/strong><strong>Sicherheit<\/strong> <strong>bei<\/strong> <strong>euch<\/strong> <strong>und unserer Gesellschaft finden.<\/strong><\/p>\n<p>&nbsp;<\/p>\n","protected":false},"excerpt":{"rendered":"<p>Blog von Kilian Stanau zum Internationalen Kindertag\u00a0 Der Internationale Weltkindertag soll deutlich auf die besonderen Bed\u00fcrfnisse der Kinder aber speziell auf dieKinderrechte aufmerksam machen. Er ist in \u00fcber 145 L\u00e4nder [&hellip;]<\/p>\n","protected":false},"author":2,"featured_media":3614,"comment_status":"closed","ping_status":"closed","sticky":false,"template":"","format":"standard","meta":{"_uag_custom_page_level_css":"","site-sidebar-layout":"default","site-content-layout":"","ast-site-content-layout":"default","site-content-style":"default","site-sidebar-style":"default","ast-global-header-display":"","ast-banner-title-visibility":"","ast-main-header-display":"","ast-hfb-above-header-display":"","ast-hfb-below-header-display":"","ast-hfb-mobile-header-display":"","site-post-title":"","ast-breadcrumbs-content":"","ast-featured-img":"","footer-sml-layout":"","ast-disable-related-posts":"","theme-transparent-header-meta":"default","adv-header-id-meta":"","stick-header-meta":"","header-above-stick-meta":"","header-main-stick-meta":"","header-below-stick-meta":"","astra-migrate-meta-layouts":"set","ast-page-background-enabled":"default","ast-page-background-meta":{"desktop":{"background-color":"var(--ast-global-color-4)","background-image":"","background-repeat":"repeat","background-position":"center center","background-size":"auto","background-attachment":"scroll","background-type":"","background-media":"","overlay-type":"","overlay-color":"","overlay-opacity":"","overlay-gradient":""},"tablet":{"background-color":"","background-image":"","background-repeat":"repeat","background-position":"center center","background-size":"auto","background-attachment":"scroll","background-type":"","background-media":"","overlay-type":"","overlay-color":"","overlay-opacity":"","overlay-gradient":""},"mobile":{"background-color":"","background-image":"","background-repeat":"repeat","background-position":"center center","background-size":"auto","background-attachment":"scroll","background-type":"","background-media":"","overlay-type":"","overlay-color":"","overlay-opacity":"","overlay-gradient":""}},"ast-content-background-meta":{"desktop":{"background-color":"var(--ast-global-color-5)","background-image":"","background-repeat":"repeat","background-position":"center center","background-size":"auto","background-attachment":"scroll","background-type":"","background-media":"","overlay-type":"","overlay-color":"","overlay-opacity":"","overlay-gradient":""},"tablet":{"background-color":"var(--ast-global-color-5)","background-image":"","background-repeat":"repeat","background-position":"center center","background-size":"auto","background-attachment":"scroll","background-type":"","background-media":"","overlay-type":"","overlay-color":"","overlay-opacity":"","overlay-gradient":""},"mobile":{"background-color":"var(--ast-global-color-5)","background-image":"","background-repeat":"repeat","background-position":"center center","background-size":"auto","background-attachment":"scroll","background-type":"","background-media":"","overlay-type":"","overlay-color":"","overlay-opacity":"","overlay-gradient":""}},"footnotes":""},"categories":[20],"tags":[],"class_list":["post-3613","post","type-post","status-publish","format-standard","has-post-thumbnail","hentry","category-blog"],"uagb_featured_image_src":{"full":["https:\/\/www.dasroteteam.de\/jusos\/wp-content\/uploads\/2020\/06\/101069696_556574428585248_7234795195189952512_n-scaled.jpg",2560,1706,false],"thumbnail":["https:\/\/www.dasroteteam.de\/jusos\/wp-content\/uploads\/2020\/06\/101069696_556574428585248_7234795195189952512_n-80x80.jpg",80,80,true],"medium":["https:\/\/www.dasroteteam.de\/jusos\/wp-content\/uploads\/2020\/06\/101069696_556574428585248_7234795195189952512_n-300x200.jpg",300,200,true],"medium_large":["https:\/\/www.dasroteteam.de\/jusos\/wp-content\/uploads\/2020\/06\/101069696_556574428585248_7234795195189952512_n-768x512.jpg",768,512,true],"large":["https:\/\/www.dasroteteam.de\/jusos\/wp-content\/uploads\/2020\/06\/101069696_556574428585248_7234795195189952512_n-1030x686.jpg",1030,686,true],"1536x1536":["https:\/\/www.dasroteteam.de\/jusos\/wp-content\/uploads\/2020\/06\/101069696_556574428585248_7234795195189952512_n-1536x1024.jpg",1536,1024,true],"2048x2048":["https:\/\/www.dasroteteam.de\/jusos\/wp-content\/uploads\/2020\/06\/101069696_556574428585248_7234795195189952512_n-2048x1365.jpg",2048,1365,true],"slide-thumbnail":["https:\/\/www.dasroteteam.de\/jusos\/wp-content\/uploads\/2020\/06\/101069696_556574428585248_7234795195189952512_n-scaled.jpg",2560,1706,false]},"uagb_author_info":{"display_name":"Redaktion","author_link":"https:\/\/www.dasroteteam.de\/jusos\/author\/vogelje\/"},"uagb_comment_info":0,"uagb_excerpt":"Blog von Kilian Stanau zum Internationalen Kindertag\u00a0 Der Internationale Weltkindertag soll deutlich auf die besonderen Bed\u00fcrfnisse der Kinder aber speziell auf dieKinderrechte aufmerksam machen. Er ist in \u00fcber 145 L\u00e4nder [&hellip;]","_links":{"self":[{"href":"https:\/\/www.dasroteteam.de\/jusos\/wp-json\/wp\/v2\/posts\/3613","targetHints":{"allow":["GET"]}}],"collection":[{"href":"https:\/\/www.dasroteteam.de\/jusos\/wp-json\/wp\/v2\/posts"}],"about":[{"href":"https:\/\/www.dasroteteam.de\/jusos\/wp-json\/wp\/v2\/types\/post"}],"author":[{"embeddable":true,"href":"https:\/\/www.dasroteteam.de\/jusos\/wp-json\/wp\/v2\/users\/2"}],"replies":[{"embeddable":true,"href":"https:\/\/www.dasroteteam.de\/jusos\/wp-json\/wp\/v2\/comments?post=3613"}],"version-history":[{"count":0,"href":"https:\/\/www.dasroteteam.de\/jusos\/wp-json\/wp\/v2\/posts\/3613\/revisions"}],"wp:featuredmedia":[{"embeddable":true,"href":"https:\/\/www.dasroteteam.de\/jusos\/wp-json\/wp\/v2\/media\/3614"}],"wp:attachment":[{"href":"https:\/\/www.dasroteteam.de\/jusos\/wp-json\/wp\/v2\/media?parent=3613"}],"wp:term":[{"taxonomy":"category","embeddable":true,"href":"https:\/\/www.dasroteteam.de\/jusos\/wp-json\/wp\/v2\/categories?post=3613"},{"taxonomy":"post_tag","embeddable":true,"href":"https:\/\/www.dasroteteam.de\/jusos\/wp-json\/wp\/v2\/tags?post=3613"}],"curies":[{"name":"wp","href":"https:\/\/api.w.org\/{rel}","templated":true}]}}