{"id":3579,"date":"2020-04-26T02:41:49","date_gmt":"2020-04-26T00:41:49","guid":{"rendered":"https:\/\/www.dasroteteam.de\/jusos\/?p=3579"},"modified":"2025-04-30T10:35:08","modified_gmt":"2025-04-30T08:35:08","slug":"allen-musliminnen-und-muslimen-einen-gesegneten-ramadan","status":"publish","type":"post","link":"https:\/\/www.dasroteteam.de\/jusos\/2020\/04\/26\/allen-musliminnen-und-muslimen-einen-gesegneten-ramadan\/","title":{"rendered":"Allen Musliminnen und Muslimen einen gesegneten Ramadan!"},"content":{"rendered":"<p><strong><em>Aktueller Blogartikel von H\u00fcsniye Gedik<\/em><\/strong><\/p>\n<p>Der muslimische Fastenmonat ist f\u00fcr gl\u00e4ubige Musliminnen und Muslime auf der ganzen Welt, auch in Deutschland, eine heilige und besondere Zeit. In Deutschland gibt es laut Sch\u00e4tzungen des Bundesamts f\u00fcr Migration etwa f\u00fcnf Millionen Musliminnen und Muslime. So viele Menschen sind also theoretisch zum Fasten aufgerufen. F\u00fcr rund f\u00fcnf Millionen Musliminnen und Muslime in Deutschland wird der Ramadan jedoch in diesem Jahr wegen der Beschr\u00e4nkungen aufgrund der Corona-Pandemie nicht wie gewohnt stattfinden.<\/p>\n<p>Der Ramadan z\u00e4hlt zu den f\u00fcnf S\u00e4ulen des Islams. Zwischen der Morgend\u00e4mmerung bis zum Sonnenuntergang wird w\u00e4hrend der vier Wochen weder gegessen noch getrunken. Musliminnen und Muslime, die gesundheitlich nicht in der Lage sind \u00fcber eine bestimmte Zeit hinweg zu fasten, sind vom Ramadan ausgenommen. Wie beispielsweise Kinder, Schwangere, \u00c4ltere und Kranke sowie Reisende. Stattdessen k\u00f6nnen die Betroffenen durch eine Spende an Bed\u00fcrftige das Fasten entrichten, wenn man hierbei finanziell dazu in der Lage ist. Das Fasten ist jedem selbst \u00fcberlassen und es gibt keinen Zwang im Islam. Falls an einem Tag beispielsweise das Fasten ausgesetzt wird, kann diese nach dem Fastenmonat an einem anderen Tag nachgeholt werden. Der Ramadan endet mit einem besonderen dreit\u00e4gigen Fest, welches in der Hinsicht mit dem christlichen Weihnachten vergleichbar ist.<\/p>\n<p>Der Fastenmonat ist f\u00fcr Musliminnen und Muslime eine besondere Zeit des Miteinanders mit Familie, Freundinnen und Freunden sowie Nachbarn. W\u00e4hrend des Fastenmonates werden Menschen, die sich nicht zum islamischen Glauben bekennen, zum gemeinsamen Fastenbrechen eingeladen. Dies ist ein besonderes Zeichen f\u00fcr den interreligi\u00f6sen Dialog, der in Deutschland in vielen St\u00e4dten und Gemeinden praktiziert wird. Die Begegnung von Menschen verschiedener Herkunft, Religion und Weltanschauung ist sehr wichtig, denn nur durch pers\u00f6nliche Kontakte kann ein Zeichen gegen Hass, Vorurteil und Diskriminierung gesetzt werden! Aufgrund der aktuellen Situation kann zwar kein gemeinsames Fastenbrechen stattfinden, trotz allem kann der Ramadan aber auch in diesem Jahr in digitaler Form zum Miteinander und zum gegenseitigen Verst\u00e4ndnis beitragen.<\/p>\n","protected":false},"excerpt":{"rendered":"<p>Aktueller Blogartikel von H\u00fcsniye Gedik Der muslimische Fastenmonat ist f\u00fcr gl\u00e4ubige Musliminnen und Muslime auf der ganzen Welt, auch in Deutschland, eine heilige und besondere Zeit. In Deutschland gibt es [&hellip;]<\/p>\n","protected":false},"author":2,"featured_media":3585,"comment_status":"closed","ping_status":"closed","sticky":false,"template":"","format":"standard","meta":{"_uag_custom_page_level_css":"","site-sidebar-layout":"default","site-content-layout":"","ast-site-content-layout":"default","site-content-style":"default","site-sidebar-style":"default","ast-global-header-display":"","ast-banner-title-visibility":"","ast-main-header-display":"","ast-hfb-above-header-display":"","ast-hfb-below-header-display":"","ast-hfb-mobile-header-display":"","site-post-title":"","ast-breadcrumbs-content":"","ast-featured-img":"","footer-sml-layout":"","ast-disable-related-posts":"","theme-transparent-header-meta":"default","adv-header-id-meta":"","stick-header-meta":"","header-above-stick-meta":"","header-main-stick-meta":"","header-below-stick-meta":"","astra-migrate-meta-layouts":"set","ast-page-background-enabled":"default","ast-page-background-meta":{"desktop":{"background-color":"var(--ast-global-color-4)","background-image":"","background-repeat":"repeat","background-position":"center center","background-size":"auto","background-attachment":"scroll","background-type":"","background-media":"","overlay-type":"","overlay-color":"","overlay-opacity":"","overlay-gradient":""},"tablet":{"background-color":"","background-image":"","background-repeat":"repeat","background-position":"center center","background-size":"auto","background-attachment":"scroll","background-type":"","background-media":"","overlay-type":"","overlay-color":"","overlay-opacity":"","overlay-gradient":""},"mobile":{"background-color":"","background-image":"","background-repeat":"repeat","background-position":"center center","background-size":"auto","background-attachment":"scroll","background-type":"","background-media":"","overlay-type":"","overlay-color":"","overlay-opacity":"","overlay-gradient":""}},"ast-content-background-meta":{"desktop":{"background-color":"var(--ast-global-color-5)","background-image":"","background-repeat":"repeat","background-position":"center center","background-size":"auto","background-attachment":"scroll","background-type":"","background-media":"","overlay-type":"","overlay-color":"","overlay-opacity":"","overlay-gradient":""},"tablet":{"background-color":"var(--ast-global-color-5)","background-image":"","background-repeat":"repeat","background-position":"center center","background-size":"auto","background-attachment":"scroll","background-type":"","background-media":"","overlay-type":"","overlay-color":"","overlay-opacity":"","overlay-gradient":""},"mobile":{"background-color":"var(--ast-global-color-5)","background-image":"","background-repeat":"repeat","background-position":"center center","background-size":"auto","background-attachment":"scroll","background-type":"","background-media":"","overlay-type":"","overlay-color":"","overlay-opacity":"","overlay-gradient":""}},"footnotes":""},"categories":[20],"tags":[],"class_list":["post-3579","post","type-post","status-publish","format-standard","has-post-thumbnail","hentry","category-blog"],"uagb_featured_image_src":{"full":["https:\/\/www.dasroteteam.de\/jusos\/wp-content\/uploads\/2020\/04\/H\u00c3\u00bcsniye-Gedik-Ramadan.png",0,0,false],"thumbnail":["https:\/\/www.dasroteteam.de\/jusos\/wp-content\/uploads\/2020\/04\/H\u00c3\u00bcsniye-Gedik-Ramadan.png",1,1,false],"medium":["https:\/\/www.dasroteteam.de\/jusos\/wp-content\/uploads\/2020\/04\/H\u00c3\u00bcsniye-Gedik-Ramadan.png",1,1,false],"medium_large":["https:\/\/www.dasroteteam.de\/jusos\/wp-content\/uploads\/2020\/04\/H\u00c3\u00bcsniye-Gedik-Ramadan.png",1,1,false],"large":["https:\/\/www.dasroteteam.de\/jusos\/wp-content\/uploads\/2020\/04\/H\u00c3\u00bcsniye-Gedik-Ramadan.png",1,1,false],"1536x1536":["https:\/\/www.dasroteteam.de\/jusos\/wp-content\/uploads\/2020\/04\/H\u00c3\u00bcsniye-Gedik-Ramadan.png",1,1,false],"2048x2048":["https:\/\/www.dasroteteam.de\/jusos\/wp-content\/uploads\/2020\/04\/H\u00c3\u00bcsniye-Gedik-Ramadan.png",1,1,false],"slide-thumbnail":["https:\/\/www.dasroteteam.de\/jusos\/wp-content\/uploads\/2020\/04\/H\u00c3\u00bcsniye-Gedik-Ramadan.png",0,0,false]},"uagb_author_info":{"display_name":"Redaktion","author_link":"https:\/\/www.dasroteteam.de\/jusos\/author\/vogelje\/"},"uagb_comment_info":0,"uagb_excerpt":"Aktueller Blogartikel von H\u00fcsniye Gedik Der muslimische Fastenmonat ist f\u00fcr gl\u00e4ubige Musliminnen und Muslime auf der ganzen Welt, auch in Deutschland, eine heilige und besondere Zeit. In Deutschland gibt es [&hellip;]","_links":{"self":[{"href":"https:\/\/www.dasroteteam.de\/jusos\/wp-json\/wp\/v2\/posts\/3579","targetHints":{"allow":["GET"]}}],"collection":[{"href":"https:\/\/www.dasroteteam.de\/jusos\/wp-json\/wp\/v2\/posts"}],"about":[{"href":"https:\/\/www.dasroteteam.de\/jusos\/wp-json\/wp\/v2\/types\/post"}],"author":[{"embeddable":true,"href":"https:\/\/www.dasroteteam.de\/jusos\/wp-json\/wp\/v2\/users\/2"}],"replies":[{"embeddable":true,"href":"https:\/\/www.dasroteteam.de\/jusos\/wp-json\/wp\/v2\/comments?post=3579"}],"version-history":[{"count":0,"href":"https:\/\/www.dasroteteam.de\/jusos\/wp-json\/wp\/v2\/posts\/3579\/revisions"}],"wp:featuredmedia":[{"embeddable":true,"href":"https:\/\/www.dasroteteam.de\/jusos\/wp-json\/wp\/v2\/media\/3585"}],"wp:attachment":[{"href":"https:\/\/www.dasroteteam.de\/jusos\/wp-json\/wp\/v2\/media?parent=3579"}],"wp:term":[{"taxonomy":"category","embeddable":true,"href":"https:\/\/www.dasroteteam.de\/jusos\/wp-json\/wp\/v2\/categories?post=3579"},{"taxonomy":"post_tag","embeddable":true,"href":"https:\/\/www.dasroteteam.de\/jusos\/wp-json\/wp\/v2\/tags?post=3579"}],"curies":[{"name":"wp","href":"https:\/\/api.w.org\/{rel}","templated":true}]}}