{"id":314,"date":"2011-05-30T05:01:00","date_gmt":"2011-05-30T03:01:00","guid":{"rendered":"https:\/\/www.dasroteteam.de\/jusos\/?p=314"},"modified":"2013-02-14T05:09:25","modified_gmt":"2013-02-14T03:09:25","slug":"keine-kamerauberwachung-an-schulen","status":"publish","type":"post","link":"https:\/\/www.dasroteteam.de\/jusos\/2011\/05\/30\/keine-kamerauberwachung-an-schulen\/","title":{"rendered":"Keine Kamera\u00c3\u00bcberwachung an Schulen"},"content":{"rendered":"<p>Zu den Pl\u00c3\u00a4nen der Stadt Minden verst\u00c3\u00a4rkt Video\u00c3\u00bcberwachung an Mindener Schulen einzusetzen, erkl\u00c3\u00a4rt der Vorsitzende der M\u00c3\u00bchlenkreis-Jusos,\u00c2\u00a0<b>Micha Heitkamp<\/b>:<\/p>\n<p><a href=\"https:\/\/www.dasroteteam.de\/jusos\/wp-content\/uploads\/2013\/02\/video.jpg\" rel=\"lightbox[314]\"><img fetchpriority=\"high\" decoding=\"async\" class=\"alignleft size-full wp-image-315\" alt=\"video\" src=\"https:\/\/www.dasroteteam.de\/jusos\/wp-content\/uploads\/2013\/02\/video.jpg\" width=\"218\" height=\"300\" \/><\/a>Die Jusos Minden-L\u00c3\u00bcbbecke kritisieren den Plan der Stadt Minden, an weiteren vier Schulen Kameras einzurichten. \u00e2\u20ac\u017eEs bleibt zu bezweifeln, ob die Kameras Vandalismus in dem erhofften Ausma\u00c3\u0178 einschr\u00c3\u00a4nken k\u00c3\u00b6nnen\u00e2\u20ac\u0153, erkl\u00c3\u00a4rt der Vorsitzende der Jusos Minden- L\u00c3\u00bcbbecke, Micha Heitkamp.<\/p>\n<p>Zudem stelle jede Video\u00c3\u00bcberwachung einen starken Eingriff in die Freiheits- und Pers\u00c3\u00b6nlichkeitsrechte der B\u00c3\u00bcrgerinnen und B\u00c3\u00bcrger und damit auch der Sch\u00c3\u00bclerinnen und Sch\u00c3\u00bcler dar. F\u00c3\u00bcr viele Sch\u00c3\u00bclerinnen und Sch\u00c3\u00bcler wirkten Kameras zudem einsch\u00c3\u00bcchternd, da man oft nicht erkennen k\u00c3\u00b6nne, ob die Kamera aufzeichne oder nicht, da helfe auch kein Hinweisschild.<\/p>\n<p>\u00e2\u20ac\u017eDie Rechnung der Verwaltung kann\u00c2\u00a0 gar nicht aufgehen\u00e2\u20ac\u0153, meint Heitkamp. 56 000 Euro betr\u00c3\u00bcgen die Kosten f\u00c3\u00bcr die Anschaffung der Kameras an den vier Schulen. Das stehe in gar keinem Verh\u00c3\u00a4ltnis zu den 45 000 Euro Schaden, die die Verwaltung als Maximalzahl f\u00c3\u00bcr den j\u00c3\u00a4hrlichen Schaden durch Vandalismus an allen st\u00c3\u00a4dtischen Geb\u00c3\u00a4uden, nicht nur den vier Schulen, angibt.<\/p>\n<p>\u00e2\u20ac\u017eErfahrungsgem\u00c3\u00a4\u00c3\u0178 ist der R\u00c3\u00bcckgang des Vandalismus durch Kamera\u00c3\u00bcberwachung so gering, dass die Einsparungen kaum die 4 000 Euro Folgekosten pro Jahr \u00c3\u00bcberschreiten werden\u00e2\u20ac\u0153.\u00c2\u00a0 Auch zeigten Erfahrungen, dass die Straft\u00c3\u00a4ter auf andere unbeobachtete Bereiche ausweichen, als Beispiel ist der Ravensberger Park in Bielefeld zu nennen. \u00e2\u20ac\u017eDas Geld, das hier zum Fenster herausgeworfen wird, sollte man in die Verbesserung und den Ausbau von sozialen Projekten im Jugendbereich\u00c2\u00a0 investieren, so w\u00c3\u00bcrde man Vandalismus vorbeugen.<\/p>\n","protected":false},"excerpt":{"rendered":"<p>Zu den Pl\u00c3\u00a4nen der Stadt Minden verst\u00c3\u00a4rkt Video\u00c3\u00bcberwachung an Mindener Schulen einzusetzen, erkl\u00c3\u00a4rt der Vorsitzende der M\u00c3\u00bchlenkreis-Jusos,\u00c2\u00a0Micha Heitkamp: Die Jusos Minden-L\u00c3\u00bcbbecke kritisieren den Plan der Stadt Minden, an weiteren vier [&hellip;]<\/p>\n","protected":false},"author":2,"featured_media":315,"comment_status":"open","ping_status":"open","sticky":false,"template":"","format":"standard","meta":{"_uag_custom_page_level_css":"","site-sidebar-layout":"default","site-content-layout":"","ast-site-content-layout":"default","site-content-style":"default","site-sidebar-style":"default","ast-global-header-display":"","ast-banner-title-visibility":"","ast-main-header-display":"","ast-hfb-above-header-display":"","ast-hfb-below-header-display":"","ast-hfb-mobile-header-display":"","site-post-title":"","ast-breadcrumbs-content":"","ast-featured-img":"","footer-sml-layout":"","ast-disable-related-posts":"","theme-transparent-header-meta":"","adv-header-id-meta":"","stick-header-meta":"","header-above-stick-meta":"","header-main-stick-meta":"","header-below-stick-meta":"","astra-migrate-meta-layouts":"default","ast-page-background-enabled":"default","ast-page-background-meta":{"desktop":{"background-color":"var(--ast-global-color-4)","background-image":"","background-repeat":"repeat","background-position":"center center","background-size":"auto","background-attachment":"scroll","background-type":"","background-media":"","overlay-type":"","overlay-color":"","overlay-opacity":"","overlay-gradient":""},"tablet":{"background-color":"","background-image":"","background-repeat":"repeat","background-position":"center center","background-size":"auto","background-attachment":"scroll","background-type":"","background-media":"","overlay-type":"","overlay-color":"","overlay-opacity":"","overlay-gradient":""},"mobile":{"background-color":"","background-image":"","background-repeat":"repeat","background-position":"center center","background-size":"auto","background-attachment":"scroll","background-type":"","background-media":"","overlay-type":"","overlay-color":"","overlay-opacity":"","overlay-gradient":""}},"ast-content-background-meta":{"desktop":{"background-color":"var(--ast-global-color-5)","background-image":"","background-repeat":"repeat","background-position":"center center","background-size":"auto","background-attachment":"scroll","background-type":"","background-media":"","overlay-type":"","overlay-color":"","overlay-opacity":"","overlay-gradient":""},"tablet":{"background-color":"var(--ast-global-color-5)","background-image":"","background-repeat":"repeat","background-position":"center center","background-size":"auto","background-attachment":"scroll","background-type":"","background-media":"","overlay-type":"","overlay-color":"","overlay-opacity":"","overlay-gradient":""},"mobile":{"background-color":"var(--ast-global-color-5)","background-image":"","background-repeat":"repeat","background-position":"center center","background-size":"auto","background-attachment":"scroll","background-type":"","background-media":"","overlay-type":"","overlay-color":"","overlay-opacity":"","overlay-gradient":""}},"footnotes":""},"categories":[21,4],"tags":[90],"class_list":["post-314","post","type-post","status-publish","format-standard","has-post-thumbnail","hentry","category-aus-dem-ub","category-presse-news","tag-videouberwachung"],"uagb_featured_image_src":{"full":["https:\/\/www.dasroteteam.de\/jusos\/wp-content\/uploads\/2013\/02\/video.jpg",218,300,false],"thumbnail":["https:\/\/www.dasroteteam.de\/jusos\/wp-content\/uploads\/2013\/02\/video-150x150.jpg",80,80,true],"medium":["https:\/\/www.dasroteteam.de\/jusos\/wp-content\/uploads\/2013\/02\/video.jpg",218,300,false],"medium_large":["https:\/\/www.dasroteteam.de\/jusos\/wp-content\/uploads\/2013\/02\/video.jpg",218,300,false],"large":["https:\/\/www.dasroteteam.de\/jusos\/wp-content\/uploads\/2013\/02\/video.jpg",218,300,false],"1536x1536":["https:\/\/www.dasroteteam.de\/jusos\/wp-content\/uploads\/2013\/02\/video.jpg",218,300,false],"2048x2048":["https:\/\/www.dasroteteam.de\/jusos\/wp-content\/uploads\/2013\/02\/video.jpg",218,300,false],"slide-thumbnail":["https:\/\/www.dasroteteam.de\/jusos\/wp-content\/uploads\/2013\/02\/video.jpg",218,300,false]},"uagb_author_info":{"display_name":"Redaktion","author_link":"https:\/\/www.dasroteteam.de\/jusos\/author\/vogelje\/"},"uagb_comment_info":0,"uagb_excerpt":"Zu den Pl\u00c3\u00a4nen der Stadt Minden verst\u00c3\u00a4rkt Video\u00c3\u00bcberwachung an Mindener Schulen einzusetzen, erkl\u00c3\u00a4rt der Vorsitzende der M\u00c3\u00bchlenkreis-Jusos,\u00c2\u00a0Micha Heitkamp: Die Jusos Minden-L\u00c3\u00bcbbecke kritisieren den Plan der Stadt Minden, an weiteren vier [&hellip;]","_links":{"self":[{"href":"https:\/\/www.dasroteteam.de\/jusos\/wp-json\/wp\/v2\/posts\/314","targetHints":{"allow":["GET"]}}],"collection":[{"href":"https:\/\/www.dasroteteam.de\/jusos\/wp-json\/wp\/v2\/posts"}],"about":[{"href":"https:\/\/www.dasroteteam.de\/jusos\/wp-json\/wp\/v2\/types\/post"}],"author":[{"embeddable":true,"href":"https:\/\/www.dasroteteam.de\/jusos\/wp-json\/wp\/v2\/users\/2"}],"replies":[{"embeddable":true,"href":"https:\/\/www.dasroteteam.de\/jusos\/wp-json\/wp\/v2\/comments?post=314"}],"version-history":[{"count":0,"href":"https:\/\/www.dasroteteam.de\/jusos\/wp-json\/wp\/v2\/posts\/314\/revisions"}],"wp:featuredmedia":[{"embeddable":true,"href":"https:\/\/www.dasroteteam.de\/jusos\/wp-json\/wp\/v2\/media\/315"}],"wp:attachment":[{"href":"https:\/\/www.dasroteteam.de\/jusos\/wp-json\/wp\/v2\/media?parent=314"}],"wp:term":[{"taxonomy":"category","embeddable":true,"href":"https:\/\/www.dasroteteam.de\/jusos\/wp-json\/wp\/v2\/categories?post=314"},{"taxonomy":"post_tag","embeddable":true,"href":"https:\/\/www.dasroteteam.de\/jusos\/wp-json\/wp\/v2\/tags?post=314"}],"curies":[{"name":"wp","href":"https:\/\/api.w.org\/{rel}","templated":true}]}}