{"id":2862,"date":"2019-02-13T13:32:20","date_gmt":"2019-02-13T12:32:20","guid":{"rendered":"https:\/\/www.dasroteteam.de\/jusos\/?p=2862"},"modified":"2019-03-08T02:28:16","modified_gmt":"2019-03-08T01:28:16","slug":"der-feministische-maerz-einladung-zum-thementag-feminismus-am-09-03-in-minden","status":"publish","type":"post","link":"https:\/\/www.dasroteteam.de\/jusos\/2019\/02\/13\/der-feministische-maerz-einladung-zum-thementag-feminismus-am-09-03-in-minden\/","title":{"rendered":"Der feministische M\u00c3\u00a4rz &#8211; Einladung zum Thementag &#8222;Feminismus&#8220; am 09.03. in Minden"},"content":{"rendered":"<div>Der feministische M\u00c3\u00a4rz wirft seine Schatten voraus. Wir laden herzlich ein zu unserem 2. Thementag &#8222;Feminismus&#8220;.<\/div>\n<div><\/div>\n<p><!--more--><\/p>\n<p><strong>Wann?<\/strong> Am 9. M\u00c3\u00a4rz ab 10.30 Uhr<br \/>\n<strong>Wo?<\/strong> In der Gesch\u00c3\u00a4ftsstelle der SPD Minden-L\u00c3\u00bcbbecke, L\u00c3\u00bcbbecker Stra\u00c3\u0178e 202 in Minden-D\u00c3\u00bctzen<br \/>\n<strong>Was wird geboten?<\/strong> Ein spannendes inhaltliches Programm und dazu ein Mittagessen<br \/>\n<strong>Was kostet mich das?<\/strong> Die Teilnahme ist kostenlos.<\/p>\n<p><strong>Bitte melde dich verbindlich bis zum 7. M\u00c3\u00a4rz an, damit wir das Mittagessen planen k\u00c3\u00b6nnen:<\/strong><br \/>\n<a href=\"http:\/\/jusos-owl.de\/2019\/02\/13\/der-feministische-maerz-einladung-zum-thementag-feminismus-am-09-03-in-minden\/\">Zum Anmeldeformular<\/a><\/p>\n<p>(Foto: pixabay.com)<\/p>\n","protected":false},"excerpt":{"rendered":"<p>Der feministische M\u00c3\u00a4rz wirft seine Schatten voraus. Wir laden herzlich ein zu unserem 2. Thementag &#8222;Feminismus&#8220;.<\/p>\n","protected":false},"author":2,"featured_media":2863,"comment_status":"closed","ping_status":"closed","sticky":false,"template":"","format":"standard","meta":{"_uag_custom_page_level_css":"","site-sidebar-layout":"default","site-content-layout":"","ast-site-content-layout":"default","site-content-style":"default","site-sidebar-style":"default","ast-global-header-display":"","ast-banner-title-visibility":"","ast-main-header-display":"","ast-hfb-above-header-display":"","ast-hfb-below-header-display":"","ast-hfb-mobile-header-display":"","site-post-title":"","ast-breadcrumbs-content":"","ast-featured-img":"","footer-sml-layout":"","ast-disable-related-posts":"","theme-transparent-header-meta":"","adv-header-id-meta":"","stick-header-meta":"","header-above-stick-meta":"","header-main-stick-meta":"","header-below-stick-meta":"","astra-migrate-meta-layouts":"default","ast-page-background-enabled":"default","ast-page-background-meta":{"desktop":{"background-color":"var(--ast-global-color-4)","background-image":"","background-repeat":"repeat","background-position":"center center","background-size":"auto","background-attachment":"scroll","background-type":"","background-media":"","overlay-type":"","overlay-color":"","overlay-opacity":"","overlay-gradient":""},"tablet":{"background-color":"","background-image":"","background-repeat":"repeat","background-position":"center center","background-size":"auto","background-attachment":"scroll","background-type":"","background-media":"","overlay-type":"","overlay-color":"","overlay-opacity":"","overlay-gradient":""},"mobile":{"background-color":"","background-image":"","background-repeat":"repeat","background-position":"center center","background-size":"auto","background-attachment":"scroll","background-type":"","background-media":"","overlay-type":"","overlay-color":"","overlay-opacity":"","overlay-gradient":""}},"ast-content-background-meta":{"desktop":{"background-color":"var(--ast-global-color-5)","background-image":"","background-repeat":"repeat","background-position":"center center","background-size":"auto","background-attachment":"scroll","background-type":"","background-media":"","overlay-type":"","overlay-color":"","overlay-opacity":"","overlay-gradient":""},"tablet":{"background-color":"var(--ast-global-color-5)","background-image":"","background-repeat":"repeat","background-position":"center center","background-size":"auto","background-attachment":"scroll","background-type":"","background-media":"","overlay-type":"","overlay-color":"","overlay-opacity":"","overlay-gradient":""},"mobile":{"background-color":"var(--ast-global-color-5)","background-image":"","background-repeat":"repeat","background-position":"center center","background-size":"auto","background-attachment":"scroll","background-type":"","background-media":"","overlay-type":"","overlay-color":"","overlay-opacity":"","overlay-gradient":""}},"footnotes":""},"categories":[19,249,15],"tags":[375],"class_list":["post-2862","post","type-post","status-publish","format-standard","has-post-thumbnail","hentry","category-aus-der-region","category-news-aus-der-region-land-bund","category-veranstaltungen","tag-feminismus"],"uagb_featured_image_src":{"full":["https:\/\/www.dasroteteam.de\/jusos\/wp-content\/uploads\/2019\/02\/feminist-2923720_640.png",429,640,false],"thumbnail":["https:\/\/www.dasroteteam.de\/jusos\/wp-content\/uploads\/2019\/02\/feminist-2923720_640-150x150.png",80,80,true],"medium":["https:\/\/www.dasroteteam.de\/jusos\/wp-content\/uploads\/2019\/02\/feminist-2923720_640-201x300.png",201,300,true],"medium_large":["https:\/\/www.dasroteteam.de\/jusos\/wp-content\/uploads\/2019\/02\/feminist-2923720_640.png",429,640,false],"large":["https:\/\/www.dasroteteam.de\/jusos\/wp-content\/uploads\/2019\/02\/feminist-2923720_640.png",429,640,false],"1536x1536":["https:\/\/www.dasroteteam.de\/jusos\/wp-content\/uploads\/2019\/02\/feminist-2923720_640.png",429,640,false],"2048x2048":["https:\/\/www.dasroteteam.de\/jusos\/wp-content\/uploads\/2019\/02\/feminist-2923720_640.png",429,640,false],"slide-thumbnail":["https:\/\/www.dasroteteam.de\/jusos\/wp-content\/uploads\/2019\/02\/feminist-2923720_640.png",429,640,false]},"uagb_author_info":{"display_name":"Redaktion","author_link":"https:\/\/www.dasroteteam.de\/jusos\/author\/vogelje\/"},"uagb_comment_info":0,"uagb_excerpt":"Der feministische M\u00c3\u00a4rz wirft seine Schatten voraus. Wir laden herzlich ein zu unserem 2. Thementag &#8222;Feminismus&#8220;.","_links":{"self":[{"href":"https:\/\/www.dasroteteam.de\/jusos\/wp-json\/wp\/v2\/posts\/2862","targetHints":{"allow":["GET"]}}],"collection":[{"href":"https:\/\/www.dasroteteam.de\/jusos\/wp-json\/wp\/v2\/posts"}],"about":[{"href":"https:\/\/www.dasroteteam.de\/jusos\/wp-json\/wp\/v2\/types\/post"}],"author":[{"embeddable":true,"href":"https:\/\/www.dasroteteam.de\/jusos\/wp-json\/wp\/v2\/users\/2"}],"replies":[{"embeddable":true,"href":"https:\/\/www.dasroteteam.de\/jusos\/wp-json\/wp\/v2\/comments?post=2862"}],"version-history":[{"count":0,"href":"https:\/\/www.dasroteteam.de\/jusos\/wp-json\/wp\/v2\/posts\/2862\/revisions"}],"wp:featuredmedia":[{"embeddable":true,"href":"https:\/\/www.dasroteteam.de\/jusos\/wp-json\/wp\/v2\/media\/2863"}],"wp:attachment":[{"href":"https:\/\/www.dasroteteam.de\/jusos\/wp-json\/wp\/v2\/media?parent=2862"}],"wp:term":[{"taxonomy":"category","embeddable":true,"href":"https:\/\/www.dasroteteam.de\/jusos\/wp-json\/wp\/v2\/categories?post=2862"},{"taxonomy":"post_tag","embeddable":true,"href":"https:\/\/www.dasroteteam.de\/jusos\/wp-json\/wp\/v2\/tags?post=2862"}],"curies":[{"name":"wp","href":"https:\/\/api.w.org\/{rel}","templated":true}]}}