{"id":2827,"date":"2018-12-18T22:05:28","date_gmt":"2018-12-18T21:05:28","guid":{"rendered":"https:\/\/www.dasroteteam.de\/jusos\/?p=2827"},"modified":"2018-12-18T22:05:28","modified_gmt":"2018-12-18T21:05:28","slug":"juso-hochschulgruppen-nrw-vermeintliche-freiheit-der-hochschulen-auf-kosten-der-studierenden","status":"publish","type":"post","link":"https:\/\/www.dasroteteam.de\/jusos\/2018\/12\/18\/juso-hochschulgruppen-nrw-vermeintliche-freiheit-der-hochschulen-auf-kosten-der-studierenden\/","title":{"rendered":"JUSO HOCHSCHULGRUPPEN NRW: VERMEINTLICHE FREIHEIT DER HOCHSCHULEN AUF KOSTEN DER STUDIERENDEN"},"content":{"rendered":"<p>Zum Entwurf des neuen Hochschulgesetzes NRW, der am Dienstag vom\u00c2\u00a0Kabinett\u00c2\u00a0verabschiedet\u00c2\u00a0wurde,\u00c2\u00a0erkl\u00c3\u00a4rt Juliane Schlierkamp, Landeskoordinatorin der Juso-Hochschulgruppen NRW:<\/p>\n<p>\u00e2\u20ac\u017eWas die Ministerin Pfeiffer-Poensgen als Gewinn an Autonomie f\u00c3\u00bcr die Hochschulen bezeichnet,\u00c2\u00a0ist ein gro\u00c3\u0178er Verlust an Freiheiten, die sich Studierende in der Vergangenheit erk\u00c3\u00a4mpft haben.\u00c2\u00a0Verbindliche Studienverlaufsvereinbarungen und die Abschaffung des Verbots von Anwesenheitspflichten widersprechen unserem Bildungsideal und reduzieren Studierende auf unsere wirtschaftliche Verwertbarkeit. Das trifft besonders diejenigen, die neben ihrem Studium arbeiten m\u00c3\u00bcssen oder Angeh\u00c3\u00b6rige unterst\u00c3\u00bctzen m\u00c3\u00bcssen.<\/p>\n<p>Durch die St\u00c3\u00a4rkung der Hochschulr\u00c3\u00a4te, die Abschaffung verbindlicher\u00c2\u00a0Vertretungen\u00c2\u00a0f\u00c3\u00bcr studentische Hilfskr\u00c3\u00a4fte\u00c2\u00a0und den Wegfall des Gebotes der Gruppenparit\u00c3\u00a4t im Senat,\u00c2\u00a0werden unsere M\u00c3\u00b6glichkeiten zur demokratischen Partizipation massiv beschnitten. Auch die Aufhebung einer verbindlichen Zivilklausel f\u00c3\u00bcr alle Hochschulen, ist f\u00c3\u00bcr uns keine Verbesserung der Autonomie. Es \u00c3\u00b6ffnet der Wirtschaft weitere T\u00c3\u00bcren in unsere Hochschulen.\u00c2\u00a0F\u00c3\u00bcr uns ist die Novellierung keine Verbesserung, sondern ein klarer R\u00c3\u00bcckschritt.\u00c2\u00a0Unter dem Deckmantel der Hochschulautonomie wird die Freiheit der Studierenden massiv beschnitten. Dagegen wehren wir uns und fordern Freiheit und ein selbstbestimmtes Studium f\u00c3\u00bcr alle Studierende!\u00e2\u20ac\u0153<\/p>\n","protected":false},"excerpt":{"rendered":"<p>Zum Entwurf des neuen Hochschulgesetzes NRW, der am Dienstag vom\u00c2\u00a0Kabinett\u00c2\u00a0verabschiedet\u00c2\u00a0wurde,\u00c2\u00a0erkl\u00c3\u00a4rt Juliane Schlierkamp, Landeskoordinatorin der Juso-Hochschulgruppen NRW: \u00e2\u20ac\u017eWas die Ministerin Pfeiffer-Poensgen als Gewinn an Autonomie f\u00c3\u00bcr die Hochschulen bezeichnet,\u00c2\u00a0ist ein gro\u00c3\u0178er [&hellip;]<\/p>\n","protected":false},"author":2,"featured_media":2828,"comment_status":"closed","ping_status":"closed","sticky":false,"template":"","format":"standard","meta":{"_uag_custom_page_level_css":"","site-sidebar-layout":"default","site-content-layout":"","ast-site-content-layout":"default","site-content-style":"default","site-sidebar-style":"default","ast-global-header-display":"","ast-banner-title-visibility":"","ast-main-header-display":"","ast-hfb-above-header-display":"","ast-hfb-below-header-display":"","ast-hfb-mobile-header-display":"","site-post-title":"","ast-breadcrumbs-content":"","ast-featured-img":"","footer-sml-layout":"","ast-disable-related-posts":"","theme-transparent-header-meta":"","adv-header-id-meta":"","stick-header-meta":"","header-above-stick-meta":"","header-main-stick-meta":"","header-below-stick-meta":"","astra-migrate-meta-layouts":"default","ast-page-background-enabled":"default","ast-page-background-meta":{"desktop":{"background-color":"var(--ast-global-color-4)","background-image":"","background-repeat":"repeat","background-position":"center center","background-size":"auto","background-attachment":"scroll","background-type":"","background-media":"","overlay-type":"","overlay-color":"","overlay-opacity":"","overlay-gradient":""},"tablet":{"background-color":"","background-image":"","background-repeat":"repeat","background-position":"center center","background-size":"auto","background-attachment":"scroll","background-type":"","background-media":"","overlay-type":"","overlay-color":"","overlay-opacity":"","overlay-gradient":""},"mobile":{"background-color":"","background-image":"","background-repeat":"repeat","background-position":"center center","background-size":"auto","background-attachment":"scroll","background-type":"","background-media":"","overlay-type":"","overlay-color":"","overlay-opacity":"","overlay-gradient":""}},"ast-content-background-meta":{"desktop":{"background-color":"var(--ast-global-color-5)","background-image":"","background-repeat":"repeat","background-position":"center center","background-size":"auto","background-attachment":"scroll","background-type":"","background-media":"","overlay-type":"","overlay-color":"","overlay-opacity":"","overlay-gradient":""},"tablet":{"background-color":"var(--ast-global-color-5)","background-image":"","background-repeat":"repeat","background-position":"center center","background-size":"auto","background-attachment":"scroll","background-type":"","background-media":"","overlay-type":"","overlay-color":"","overlay-opacity":"","overlay-gradient":""},"mobile":{"background-color":"var(--ast-global-color-5)","background-image":"","background-repeat":"repeat","background-position":"center center","background-size":"auto","background-attachment":"scroll","background-type":"","background-media":"","overlay-type":"","overlay-color":"","overlay-opacity":"","overlay-gradient":""}},"footnotes":""},"categories":[249,33],"tags":[],"class_list":["post-2827","post","type-post","status-publish","format-standard","has-post-thumbnail","hentry","category-news-aus-der-region-land-bund","category-juso-hochschulgruppe"],"uagb_featured_image_src":{"full":["https:\/\/www.dasroteteam.de\/jusos\/wp-content\/uploads\/2018\/12\/7C1120F3-D3F3-4E9A-A951-E8BFF4C6854C.jpeg",1134,1134,false],"thumbnail":["https:\/\/www.dasroteteam.de\/jusos\/wp-content\/uploads\/2018\/12\/7C1120F3-D3F3-4E9A-A951-E8BFF4C6854C-150x150.jpeg",80,80,true],"medium":["https:\/\/www.dasroteteam.de\/jusos\/wp-content\/uploads\/2018\/12\/7C1120F3-D3F3-4E9A-A951-E8BFF4C6854C-300x300.jpeg",300,300,true],"medium_large":["https:\/\/www.dasroteteam.de\/jusos\/wp-content\/uploads\/2018\/12\/7C1120F3-D3F3-4E9A-A951-E8BFF4C6854C-768x768.jpeg",768,768,true],"large":["https:\/\/www.dasroteteam.de\/jusos\/wp-content\/uploads\/2018\/12\/7C1120F3-D3F3-4E9A-A951-E8BFF4C6854C-1024x1024.jpeg",1024,1024,true],"1536x1536":["https:\/\/www.dasroteteam.de\/jusos\/wp-content\/uploads\/2018\/12\/7C1120F3-D3F3-4E9A-A951-E8BFF4C6854C.jpeg",1134,1134,false],"2048x2048":["https:\/\/www.dasroteteam.de\/jusos\/wp-content\/uploads\/2018\/12\/7C1120F3-D3F3-4E9A-A951-E8BFF4C6854C.jpeg",1134,1134,false],"slide-thumbnail":["https:\/\/www.dasroteteam.de\/jusos\/wp-content\/uploads\/2018\/12\/7C1120F3-D3F3-4E9A-A951-E8BFF4C6854C.jpeg",1134,1134,false]},"uagb_author_info":{"display_name":"Redaktion","author_link":"https:\/\/www.dasroteteam.de\/jusos\/author\/vogelje\/"},"uagb_comment_info":0,"uagb_excerpt":"Zum Entwurf des neuen Hochschulgesetzes NRW, der am Dienstag vom\u00c2\u00a0Kabinett\u00c2\u00a0verabschiedet\u00c2\u00a0wurde,\u00c2\u00a0erkl\u00c3\u00a4rt Juliane Schlierkamp, Landeskoordinatorin der Juso-Hochschulgruppen NRW: \u00e2\u20ac\u017eWas die Ministerin Pfeiffer-Poensgen als Gewinn an Autonomie f\u00c3\u00bcr die Hochschulen bezeichnet,\u00c2\u00a0ist ein gro\u00c3\u0178er [&hellip;]","_links":{"self":[{"href":"https:\/\/www.dasroteteam.de\/jusos\/wp-json\/wp\/v2\/posts\/2827","targetHints":{"allow":["GET"]}}],"collection":[{"href":"https:\/\/www.dasroteteam.de\/jusos\/wp-json\/wp\/v2\/posts"}],"about":[{"href":"https:\/\/www.dasroteteam.de\/jusos\/wp-json\/wp\/v2\/types\/post"}],"author":[{"embeddable":true,"href":"https:\/\/www.dasroteteam.de\/jusos\/wp-json\/wp\/v2\/users\/2"}],"replies":[{"embeddable":true,"href":"https:\/\/www.dasroteteam.de\/jusos\/wp-json\/wp\/v2\/comments?post=2827"}],"version-history":[{"count":0,"href":"https:\/\/www.dasroteteam.de\/jusos\/wp-json\/wp\/v2\/posts\/2827\/revisions"}],"wp:featuredmedia":[{"embeddable":true,"href":"https:\/\/www.dasroteteam.de\/jusos\/wp-json\/wp\/v2\/media\/2828"}],"wp:attachment":[{"href":"https:\/\/www.dasroteteam.de\/jusos\/wp-json\/wp\/v2\/media?parent=2827"}],"wp:term":[{"taxonomy":"category","embeddable":true,"href":"https:\/\/www.dasroteteam.de\/jusos\/wp-json\/wp\/v2\/categories?post=2827"},{"taxonomy":"post_tag","embeddable":true,"href":"https:\/\/www.dasroteteam.de\/jusos\/wp-json\/wp\/v2\/tags?post=2827"}],"curies":[{"name":"wp","href":"https:\/\/api.w.org\/{rel}","templated":true}]}}