{"id":26420,"date":"2026-04-25T13:24:27","date_gmt":"2026-04-25T11:24:27","guid":{"rendered":"https:\/\/www.dasroteteam.de\/jusos\/?p=26420"},"modified":"2026-04-25T13:25:00","modified_gmt":"2026-04-25T11:25:00","slug":"kreisverbandskonferenz-2026-der-muehlenkreis-jusos","status":"publish","type":"post","link":"https:\/\/www.dasroteteam.de\/jusos\/2026\/04\/25\/kreisverbandskonferenz-2026-der-muehlenkreis-jusos\/","title":{"rendered":"Kreisverbandskonferenz 2026 der M\u00fchlenkreis-Jusos"},"content":{"rendered":"<p><img fetchpriority=\"high\" decoding=\"async\" class=\"aligncenter size-large wp-image-26421\" src=\"https:\/\/www.dasroteteam.de\/jusos\/wp-content\/uploads\/2026\/04\/4ac44a75-1027-46ba-a774-d7c64f01aebb-1030x775.jpeg\" alt=\"\" width=\"1030\" height=\"775\" srcset=\"https:\/\/www.dasroteteam.de\/jusos\/wp-content\/uploads\/2026\/04\/4ac44a75-1027-46ba-a774-d7c64f01aebb-1030x775.jpeg 1030w, https:\/\/www.dasroteteam.de\/jusos\/wp-content\/uploads\/2026\/04\/4ac44a75-1027-46ba-a774-d7c64f01aebb-300x226.jpeg 300w, https:\/\/www.dasroteteam.de\/jusos\/wp-content\/uploads\/2026\/04\/4ac44a75-1027-46ba-a774-d7c64f01aebb-768x578.jpeg 768w, https:\/\/www.dasroteteam.de\/jusos\/wp-content\/uploads\/2026\/04\/4ac44a75-1027-46ba-a774-d7c64f01aebb-1536x1156.jpeg 1536w, https:\/\/www.dasroteteam.de\/jusos\/wp-content\/uploads\/2026\/04\/4ac44a75-1027-46ba-a774-d7c64f01aebb.jpeg 1600w\" sizes=\"(max-width: 1030px) 100vw, 1030px\" \/><\/p>\n<p class=\"p1\">Die Jusos Minden-L\u00fcbbecke haben am vergangenen Samstag im Espelkamper Ratssaal ihre j\u00e4hrliche Kreisverbandskonferenz abgehalten \u2013 ein Tag voller Austausch und Diskussion.<\/p>\n<p class=\"p1\">Im Zentrum der Konferenz stand die Neuwahl des Kreisvorstandes. Nach vielen Jahren engagierter, leidenschaftlicher und verl\u00e4sslicher Arbeit verabschiedeten sich nun <strong>Alica Sch\u00f6mer<\/strong> und <strong>Viola von Lochow<\/strong> aus dem Amt des Beisitzerin und verlassen den Kreisvorstand als gern gesehene Mitglieder. Beide haben den Verband gepr\u00e4gt, daf\u00fcr gilt ihnen gro\u00dfer Dank und tiefer Respekt.<\/p>\n<p class=\"p1\">Der Kreisverband bedankte sich auch bei <strong>Robert Pfeiffer<\/strong>, <strong>Tom Schiermeier<\/strong>, <strong>Jan-Luca Oberl\u00e4nder<\/strong> und <strong>Leon Kirschbaum<\/strong> f\u00fcr ihren Einsatz im Vorstand. Auch sie werden uns fehlen!<\/p>\n<p class=\"p1\">Der wiedergew\u00e4hlte Kreisvorsitzende <strong>Tim Schoolmann<\/strong> wurde diesmal mit einer Stimmmehrheit von 85% best\u00e4tigt. Im Vorjahr kam er lediglich auf 73,9%. Damit geht er nun gest\u00e4rkt in seine zweite Amtszeit. Ihm zur Seite stehen weiterhin <strong>Melina Rose<\/strong> aus Rahden, als auch<strong> Luca Risse<\/strong> aus Minden, der nun ebenfalls in der Funktion als stellvertretender Vorstitzender t\u00e4tig wird.<\/p>\n<p class=\"p1\">Im restlichen Vorstand finden sich sowohl alte als auch neue Gesichter wieder.<\/p>\n<p><strong>Emily Benner<\/strong>, vorher Medienbeauftragte, ist nun zur Gleichstellungsbeauftragten ernannt worden. Neu dabei ist<strong> Carlotta Henschel<\/strong>, ebenfalls Gleichstellungsbeauftragte.<strong> Paul Schilling<\/strong> ist vom stellvertretenden Vorstitzenden, zum Mitgliederbeauftragten gewechselt. <strong>Anne Colaris<\/strong> wird dem Vorstand weiterhin als Antifaschismusbeauftragte unterst\u00fctzen. <strong>Phillip Dominguez<\/strong>, ein Neuzugang im Vorstand, \u00fcbernimmt den Posten als Medienbeauftragter.<\/p>\n<p>Der Vorstand wird durch die Beisitzer*innen <strong>Markus Anton<\/strong> aus Porta Westfalica, <strong>Kiana Figura<\/strong> aus Minden, <strong>Timo Arning<\/strong> aus Rahden, <strong>Mats Brase<\/strong> aus Petershagen, <strong>Yeu-Rong Lange<\/strong> aus Bad Oeynhausen und<strong> Raoul Meyer<\/strong> aus L\u00fcbbecke komplettiert.<\/p>\n<p>Der Kreisvorstand sieht das entgegengebrachte Vertrauen als Auftrag, weiterhin klare Kante zu zeigen und das nicht nur auf kommunaler Ebene. Wir setzen uns weiterhin f\u00fcr eine Gesellschaft ein, die solidarisch, gerecht und zukunftsf\u00e4hig ist.<\/p>\n<p class=\"p1\">F\u00fcr ein Gru\u00dfwort waren dieses Jahr viele verschiedene G\u00e4ste vor Ort.<\/p>\n<p class=\"p1\">Einer davon war der CDU B\u00fcrgermeister von Espelkamp, <strong>Henning Vieker<\/strong>, der sich sehr \u00fcber die Einladung gefreut hat. Neben einer Einf\u00fchrung in die Espelkamper Stadtgeschichte und einer Einladung zum Espelkamper Sommer, hat er vorallem an einer Zusammenarbeit der demokratischen Parteien auf Kommunalebene appelliert.<\/p>\n<p>Darauf folgte <strong>Fabian Golanowsky<\/strong>, Vorsitzender der SPD Espelkamp. Er hat die Bedeutung der Jusos als zentraler Bestandteil der Parteientwicklung hervorgehoben. \u201eDie SPD steht am Scheideweg und der W\u00e4hler suche nach Glaubw\u00fcrdigkeit im politischen Handeln.\u201c<\/p>\n<p class=\"p1\">Danach sprach unser Gast <strong>Jonas Kamrath<\/strong>. Er ist Landesvorstandsmitglied der NRW Jusos und sprach davon, dass dies \u201ekeine einfache Zeit ist, Juso zu sein.\u201c Sein Fazit: Die SPD wird in den Umbruch gehen m\u00fcssen.<\/p>\n<p>Als n\u00e4chstes kam unsere Regionalvorsitzende <strong>Imke Schr\u00f6der<\/strong> zu Wort. Sie freue sich auch dieses Jahr wieder \u00fcber eine Einladung zur Kreisverbandskonferenzen. Sie bleibt uns dieses Jahr mit dem Satz \u201eJusos sind nicht nur Denker, sondern auch Tr\u00e4umer\u201c in Erinnerung.<\/p>\n<p class=\"p1\">Zum Schluss bekam die SPD Landtagsabgeordnete, <strong>Christina Weng<\/strong> das Wort. Zuvor bedankte sich der Juso Kreisverband Minden-L\u00fcbbecke f\u00fcr ihre jahrelange hervorragende politische Arbeit und ihrer Wertsch\u00e4tzung der Jugendorganisation gegen\u00fcber. Sie kritsierte in ihrer Rede die aktuelle Landesregierung. Denn: (\u2026) \u201eeinen Gro\u00dfteil, des f\u00fcr die Kommunen gedachten Sonderverm\u00f6gens, beh\u00e4lt das Land NRW selbst ein.\u201c Man k\u00f6nne den Menschen vor Ort nicht vermitteln, weshalb im st\u00e4dtischen Haushalt an allen Enden die Geldmittel fehlen, wenn gleichzeitig \u201eder gr\u00f6\u00dfte Haushalt in der Geschichte der Bundesrepublik Deutschland beschlossen wurde.\u201c \u00a0Die Kommunen m\u00fcssen weiterhin reihenweise Sparpl\u00e4ne aufstellen und freiwillige Leistungen streichen. Investitionen in Infrastruktur, Bildung und Kinderbetreuung sind zwar l\u00e4ngst \u00fcberf\u00e4llig, k\u00f6nnen aber langfristig nicht Instand gehalten oder ausreichend betreut werden, wenn die St\u00e4dte und Gemeinden weiterhin systemisch auf Haushaltssicherungen zugesteuert werden.<\/p>\n<p class=\"p1\">Kreisvorsitzender <strong>Schoolmann<\/strong> findet, dass die aktuellen Reformen der Bundesregierung in vielerlei Hinsicht entt\u00e4uschen, da diese den aktuellen sozialen als auch \u00f6kologischen Herausforderungen nicht gerecht werden. Diesen Unmut haben dieses Jahr auch viele unsere G\u00e4ste in ihren Redebeitr\u00e4gen zum Ausdruck gebracht und dabei auch Selbstkritik an der Partei ge\u00fcbt. Deshalb werden die Kreisjusos mit Parteigenoss*innen in die Debatte gehen, um an ihre sozialen Grunds\u00e4tze zu appellieren und ganz geziehlt das System und die Methodik in Frage zu stellen.<\/p>\n","protected":false},"excerpt":{"rendered":"<p>Die Jusos Minden-L\u00fcbbecke haben am vergangenen Samstag im Espelkamper Ratssaal ihre j\u00e4hrliche Kreisverbandskonferenz abgehalten \u2013 ein Tag voller Austausch und Diskussion. Im Zentrum der Konferenz stand die Neuwahl des Kreisvorstandes. [&hellip;]<\/p>\n","protected":false},"author":2,"featured_media":26421,"comment_status":"closed","ping_status":"closed","sticky":false,"template":"","format":"standard","meta":{"_uag_custom_page_level_css":"","site-sidebar-layout":"default","site-content-layout":"","ast-site-content-layout":"default","site-content-style":"default","site-sidebar-style":"default","ast-global-header-display":"","ast-banner-title-visibility":"","ast-main-header-display":"","ast-hfb-above-header-display":"","ast-hfb-below-header-display":"","ast-hfb-mobile-header-display":"","site-post-title":"","ast-breadcrumbs-content":"","ast-featured-img":"","footer-sml-layout":"","ast-disable-related-posts":"","theme-transparent-header-meta":"default","adv-header-id-meta":"","stick-header-meta":"","header-above-stick-meta":"","header-main-stick-meta":"","header-below-stick-meta":"","astra-migrate-meta-layouts":"set","ast-page-background-enabled":"default","ast-page-background-meta":{"desktop":{"background-color":"var(--ast-global-color-4)","background-image":"","background-repeat":"repeat","background-position":"center center","background-size":"auto","background-attachment":"scroll","background-type":"","background-media":"","overlay-type":"","overlay-color":"","overlay-opacity":"","overlay-gradient":""},"tablet":{"background-color":"","background-image":"","background-repeat":"repeat","background-position":"center center","background-size":"auto","background-attachment":"scroll","background-type":"","background-media":"","overlay-type":"","overlay-color":"","overlay-opacity":"","overlay-gradient":""},"mobile":{"background-color":"","background-image":"","background-repeat":"repeat","background-position":"center center","background-size":"auto","background-attachment":"scroll","background-type":"","background-media":"","overlay-type":"","overlay-color":"","overlay-opacity":"","overlay-gradient":""}},"ast-content-background-meta":{"desktop":{"background-color":"var(--ast-global-color-5)","background-image":"","background-repeat":"repeat","background-position":"center center","background-size":"auto","background-attachment":"scroll","background-type":"","background-media":"","overlay-type":"","overlay-color":"","overlay-opacity":"","overlay-gradient":""},"tablet":{"background-color":"var(--ast-global-color-5)","background-image":"","background-repeat":"repeat","background-position":"center center","background-size":"auto","background-attachment":"scroll","background-type":"","background-media":"","overlay-type":"","overlay-color":"","overlay-opacity":"","overlay-gradient":""},"mobile":{"background-color":"var(--ast-global-color-5)","background-image":"","background-repeat":"repeat","background-position":"center center","background-size":"auto","background-attachment":"scroll","background-type":"","background-media":"","overlay-type":"","overlay-color":"","overlay-opacity":"","overlay-gradient":""}},"footnotes":""},"categories":[21,4],"tags":[],"class_list":["post-26420","post","type-post","status-publish","format-standard","has-post-thumbnail","hentry","category-aus-dem-ub","category-presse-news"],"uagb_featured_image_src":{"full":["https:\/\/www.dasroteteam.de\/jusos\/wp-content\/uploads\/2026\/04\/4ac44a75-1027-46ba-a774-d7c64f01aebb.jpeg",1600,1204,false],"thumbnail":["https:\/\/www.dasroteteam.de\/jusos\/wp-content\/uploads\/2026\/04\/4ac44a75-1027-46ba-a774-d7c64f01aebb-80x80.jpeg",80,80,true],"medium":["https:\/\/www.dasroteteam.de\/jusos\/wp-content\/uploads\/2026\/04\/4ac44a75-1027-46ba-a774-d7c64f01aebb-300x226.jpeg",300,226,true],"medium_large":["https:\/\/www.dasroteteam.de\/jusos\/wp-content\/uploads\/2026\/04\/4ac44a75-1027-46ba-a774-d7c64f01aebb-768x578.jpeg",768,578,true],"large":["https:\/\/www.dasroteteam.de\/jusos\/wp-content\/uploads\/2026\/04\/4ac44a75-1027-46ba-a774-d7c64f01aebb-1030x775.jpeg",1030,775,true],"1536x1536":["https:\/\/www.dasroteteam.de\/jusos\/wp-content\/uploads\/2026\/04\/4ac44a75-1027-46ba-a774-d7c64f01aebb-1536x1156.jpeg",1536,1156,true],"2048x2048":["https:\/\/www.dasroteteam.de\/jusos\/wp-content\/uploads\/2026\/04\/4ac44a75-1027-46ba-a774-d7c64f01aebb.jpeg",1600,1204,false],"slide-thumbnail":["https:\/\/www.dasroteteam.de\/jusos\/wp-content\/uploads\/2026\/04\/4ac44a75-1027-46ba-a774-d7c64f01aebb.jpeg",1600,1204,false]},"uagb_author_info":{"display_name":"Redaktion","author_link":"https:\/\/www.dasroteteam.de\/jusos\/author\/vogelje\/"},"uagb_comment_info":0,"uagb_excerpt":"Die Jusos Minden-L\u00fcbbecke haben am vergangenen Samstag im Espelkamper Ratssaal ihre j\u00e4hrliche Kreisverbandskonferenz abgehalten \u2013 ein Tag voller Austausch und Diskussion. Im Zentrum der Konferenz stand die Neuwahl des Kreisvorstandes. [&hellip;]","_links":{"self":[{"href":"https:\/\/www.dasroteteam.de\/jusos\/wp-json\/wp\/v2\/posts\/26420","targetHints":{"allow":["GET"]}}],"collection":[{"href":"https:\/\/www.dasroteteam.de\/jusos\/wp-json\/wp\/v2\/posts"}],"about":[{"href":"https:\/\/www.dasroteteam.de\/jusos\/wp-json\/wp\/v2\/types\/post"}],"author":[{"embeddable":true,"href":"https:\/\/www.dasroteteam.de\/jusos\/wp-json\/wp\/v2\/users\/2"}],"replies":[{"embeddable":true,"href":"https:\/\/www.dasroteteam.de\/jusos\/wp-json\/wp\/v2\/comments?post=26420"}],"version-history":[{"count":2,"href":"https:\/\/www.dasroteteam.de\/jusos\/wp-json\/wp\/v2\/posts\/26420\/revisions"}],"predecessor-version":[{"id":26423,"href":"https:\/\/www.dasroteteam.de\/jusos\/wp-json\/wp\/v2\/posts\/26420\/revisions\/26423"}],"wp:featuredmedia":[{"embeddable":true,"href":"https:\/\/www.dasroteteam.de\/jusos\/wp-json\/wp\/v2\/media\/26421"}],"wp:attachment":[{"href":"https:\/\/www.dasroteteam.de\/jusos\/wp-json\/wp\/v2\/media?parent=26420"}],"wp:term":[{"taxonomy":"category","embeddable":true,"href":"https:\/\/www.dasroteteam.de\/jusos\/wp-json\/wp\/v2\/categories?post=26420"},{"taxonomy":"post_tag","embeddable":true,"href":"https:\/\/www.dasroteteam.de\/jusos\/wp-json\/wp\/v2\/tags?post=26420"}],"curies":[{"name":"wp","href":"https:\/\/api.w.org\/{rel}","templated":true}]}}