{"id":26049,"date":"2024-05-13T13:22:27","date_gmt":"2024-05-13T11:22:27","guid":{"rendered":"https:\/\/www.dasroteteam.de\/jusos\/?p=26049"},"modified":"2025-04-26T16:08:37","modified_gmt":"2025-04-26T14:08:37","slug":"pruefverfahren-afd-verbot-jetzt","status":"publish","type":"post","link":"https:\/\/www.dasroteteam.de\/jusos\/2024\/05\/13\/pruefverfahren-afd-verbot-jetzt\/","title":{"rendered":"Pr\u00fcfverfahren AfD-Verbot jetzt!"},"content":{"rendered":"<p><strong>Nina Gaedike, Vorsitzende der NRW Jusos, nach dem OVG-Urteil zur Einstufung der AfD und ihrer Jugendorganisation \u201eJunge Alternative\u201c als rechtsextremistischer Verdachtsfall:<\/strong> <strong>es ist h\u00f6chste Zeit f\u00fcr das Pr\u00fcfverfahren f\u00fcr ein AfD-Verbot!<\/strong><\/p>\n<p>\u201eDie AfD versucht seit Jahren, in unseren staatlichen Strukturen Fu\u00df zu fassen, um dann unsere Demokratie abzuschaffen. Auch auf der Stra\u00dfe machen sich Wahlk\u00e4mpfer*innen zunehmend Sorgen um ihre Sicherheit. Unsere Verfassung sieht \u2013 zum Gl\u00fcck! \u2013 Instrumente vor, unsere Demokratie zu verteidigen. Das heutige Urteil aus M\u00fcnster macht erneut klar: das Pr\u00fcfverfahren f\u00fcr ein AfD-Verbot muss jetzt auf den Tisch!\u201c.<\/p>\n<p>\u201eAusreichende tats\u00e4chliche Anhaltspunkte (\u2026), dass die betroffene Vereinigung Bestrebungen verfolgt, die gegen die freiheitliche demokratische Grundordnung gerichtet sind.\u201c \u2013 so begr\u00fcndet das Oberverwaltungsgericht in M\u00fcnster das heutige Urteil sowie die auch \u00fcber den heutigen Tag hinaus andauernde nachrichtendienstliche Beobachtung von AfD und JA. Nicht Parteien oder Jugendorganisationen, sondern Gerichte werden letztendlich in einem AfD-Verbotsverfahren eine abschlie\u00dfende Entscheidung treffen \u2013 und das ist auch gut so. Der heutige Tag und das heutige Urteil sollten f\u00fcr alle demokratischen Kr\u00e4fte im Land jedoch ein klares Signal sein, engagiert f\u00fcr unsere demokratische Ordnung ein- und Demokratiefeind*innen entgegenzutreten, egal ob im Netz, in der Debatte oder auf der Stra\u00dfe.\u201c<\/p>\n","protected":false},"excerpt":{"rendered":"<p>Nina Gaedike, Vorsitzende der NRW Jusos, nach dem OVG-Urteil zur Einstufung der AfD und ihrer Jugendorganisation \u201eJunge Alternative\u201c als rechtsextremistischer Verdachtsfall: es ist h\u00f6chste Zeit f\u00fcr das Pr\u00fcfverfahren f\u00fcr ein [&hellip;]<\/p>\n","protected":false},"author":2,"featured_media":26183,"comment_status":"closed","ping_status":"closed","sticky":false,"template":"","format":"standard","meta":{"_uag_custom_page_level_css":"","site-sidebar-layout":"default","site-content-layout":"","ast-site-content-layout":"default","site-content-style":"default","site-sidebar-style":"default","ast-global-header-display":"","ast-banner-title-visibility":"","ast-main-header-display":"","ast-hfb-above-header-display":"","ast-hfb-below-header-display":"","ast-hfb-mobile-header-display":"","site-post-title":"","ast-breadcrumbs-content":"","ast-featured-img":"","footer-sml-layout":"","ast-disable-related-posts":"","theme-transparent-header-meta":"default","adv-header-id-meta":"","stick-header-meta":"","header-above-stick-meta":"","header-main-stick-meta":"","header-below-stick-meta":"","astra-migrate-meta-layouts":"set","ast-page-background-enabled":"default","ast-page-background-meta":{"desktop":{"background-color":"var(--ast-global-color-4)","background-image":"","background-repeat":"repeat","background-position":"center center","background-size":"auto","background-attachment":"scroll","background-type":"","background-media":"","overlay-type":"","overlay-color":"","overlay-opacity":"","overlay-gradient":""},"tablet":{"background-color":"","background-image":"","background-repeat":"repeat","background-position":"center center","background-size":"auto","background-attachment":"scroll","background-type":"","background-media":"","overlay-type":"","overlay-color":"","overlay-opacity":"","overlay-gradient":""},"mobile":{"background-color":"","background-image":"","background-repeat":"repeat","background-position":"center center","background-size":"auto","background-attachment":"scroll","background-type":"","background-media":"","overlay-type":"","overlay-color":"","overlay-opacity":"","overlay-gradient":""}},"ast-content-background-meta":{"desktop":{"background-color":"var(--ast-global-color-5)","background-image":"","background-repeat":"repeat","background-position":"center center","background-size":"auto","background-attachment":"scroll","background-type":"","background-media":"","overlay-type":"","overlay-color":"","overlay-opacity":"","overlay-gradient":""},"tablet":{"background-color":"var(--ast-global-color-5)","background-image":"","background-repeat":"repeat","background-position":"center center","background-size":"auto","background-attachment":"scroll","background-type":"","background-media":"","overlay-type":"","overlay-color":"","overlay-opacity":"","overlay-gradient":""},"mobile":{"background-color":"var(--ast-global-color-5)","background-image":"","background-repeat":"repeat","background-position":"center center","background-size":"auto","background-attachment":"scroll","background-type":"","background-media":"","overlay-type":"","overlay-color":"","overlay-opacity":"","overlay-gradient":""}},"footnotes":""},"categories":[18,249],"tags":[],"class_list":["post-26049","post","type-post","status-publish","format-standard","has-post-thumbnail","hentry","category-aus-dem-landesverband","category-news-aus-der-region-land-bund"],"uagb_featured_image_src":{"full":["https:\/\/www.dasroteteam.de\/jusos\/wp-content\/uploads\/2025\/04\/audio-1851517_1280.jpg",1280,853,false],"thumbnail":["https:\/\/www.dasroteteam.de\/jusos\/wp-content\/uploads\/2025\/04\/audio-1851517_1280-80x80.jpg",80,80,true],"medium":["https:\/\/www.dasroteteam.de\/jusos\/wp-content\/uploads\/2025\/04\/audio-1851517_1280-300x200.jpg",300,200,true],"medium_large":["https:\/\/www.dasroteteam.de\/jusos\/wp-content\/uploads\/2025\/04\/audio-1851517_1280-768x512.jpg",768,512,true],"large":["https:\/\/www.dasroteteam.de\/jusos\/wp-content\/uploads\/2025\/04\/audio-1851517_1280-1030x686.jpg",1030,686,true],"1536x1536":["https:\/\/www.dasroteteam.de\/jusos\/wp-content\/uploads\/2025\/04\/audio-1851517_1280.jpg",1280,853,false],"2048x2048":["https:\/\/www.dasroteteam.de\/jusos\/wp-content\/uploads\/2025\/04\/audio-1851517_1280.jpg",1280,853,false],"slide-thumbnail":["https:\/\/www.dasroteteam.de\/jusos\/wp-content\/uploads\/2025\/04\/audio-1851517_1280.jpg",1280,853,false]},"uagb_author_info":{"display_name":"Redaktion","author_link":"https:\/\/www.dasroteteam.de\/jusos\/author\/vogelje\/"},"uagb_comment_info":0,"uagb_excerpt":"Nina Gaedike, Vorsitzende der NRW Jusos, nach dem OVG-Urteil zur Einstufung der AfD und ihrer Jugendorganisation \u201eJunge Alternative\u201c als rechtsextremistischer Verdachtsfall: es ist h\u00f6chste Zeit f\u00fcr das Pr\u00fcfverfahren f\u00fcr ein [&hellip;]","_links":{"self":[{"href":"https:\/\/www.dasroteteam.de\/jusos\/wp-json\/wp\/v2\/posts\/26049","targetHints":{"allow":["GET"]}}],"collection":[{"href":"https:\/\/www.dasroteteam.de\/jusos\/wp-json\/wp\/v2\/posts"}],"about":[{"href":"https:\/\/www.dasroteteam.de\/jusos\/wp-json\/wp\/v2\/types\/post"}],"author":[{"embeddable":true,"href":"https:\/\/www.dasroteteam.de\/jusos\/wp-json\/wp\/v2\/users\/2"}],"replies":[{"embeddable":true,"href":"https:\/\/www.dasroteteam.de\/jusos\/wp-json\/wp\/v2\/comments?post=26049"}],"version-history":[{"count":0,"href":"https:\/\/www.dasroteteam.de\/jusos\/wp-json\/wp\/v2\/posts\/26049\/revisions"}],"wp:featuredmedia":[{"embeddable":true,"href":"https:\/\/www.dasroteteam.de\/jusos\/wp-json\/wp\/v2\/media\/26183"}],"wp:attachment":[{"href":"https:\/\/www.dasroteteam.de\/jusos\/wp-json\/wp\/v2\/media?parent=26049"}],"wp:term":[{"taxonomy":"category","embeddable":true,"href":"https:\/\/www.dasroteteam.de\/jusos\/wp-json\/wp\/v2\/categories?post=26049"},{"taxonomy":"post_tag","embeddable":true,"href":"https:\/\/www.dasroteteam.de\/jusos\/wp-json\/wp\/v2\/tags?post=26049"}],"curies":[{"name":"wp","href":"https:\/\/api.w.org\/{rel}","templated":true}]}}