{"id":26005,"date":"2023-04-19T02:30:49","date_gmt":"2023-04-19T00:30:49","guid":{"rendered":"https:\/\/www.dasroteteam.de\/jusos\/?p=26005"},"modified":"2025-04-26T14:15:27","modified_gmt":"2025-04-26T12:15:27","slug":"schwarz-gruenes-totalversagen-beim-abitur","status":"publish","type":"post","link":"https:\/\/www.dasroteteam.de\/jusos\/2023\/04\/19\/schwarz-gruenes-totalversagen-beim-abitur\/","title":{"rendered":"Schwarz-gr\u00fcnes Totalversagen beim Abitur"},"content":{"rendered":"<p><strong>Rund 72.000 Abiturientinnen in NRW m\u00fcssen um ihre Abiturpr\u00fcfungen bangen. Die NRW Jusos und Vorsitzende Nina Gaedike kritisieren die mangelhafte Kommunikation der CDU-Schulministerin und verlangen eine Entschuldigung bei den Sch\u00fclerinnen!<\/strong><\/p>\n<p>Teilweise erst um 21:00 Uhr haben Sch\u00fcler<em>innen davon erfahren, dass ihre Pr\u00fcfungen auf Freitag verschoben werden. Was CDU-Schulministerin Feller als \u201e\u00e4rgerlich\u201c bezeichnet, bringt zahlreiche Sch\u00fcler<\/em>innen, Eltern, aber auch Lehrer<em>innen zur Wei\u00dfglut. Eine Entschuldigung der Ministerin steht noch aus. Der kommunikative Umgang mit der IT-Panne ist aus Sicht der NRW Jusos in h\u00f6chstem Ma\u00dfe unterirdisch. Die Pr\u00fcfungen auf Freitag zu verschieben, ist weiterhin aus zwei Gr\u00fcnden eine Zumutung f\u00fcr Sch\u00fcler<\/em>innen: einerseits stehen Bahnstreiks an, andererseits das im muslimischen Glauben so wichtige Zuckerfest \/ Eid al-Fitr.<\/p>\n<p>Aus Sicht von Nina Gaedike kann man nur von einem \u201eschwarz-gr\u00fcnen Totalversagen\u201c sprechen: \u201eDass die Durchf\u00fchrung der Abiturklausuren durch eine nicht ordentlich aufgestellte digitale Infrastruktur scheitert, ist ein schlechter Witz. Dass Ministerin Feller die Schulen dann auch erst um 21:00 Uhr am Abend vor den eigentlichen Klausuren informiert, erinnert an die Kommunikation w\u00e4hrend der Coronapandemie. Uns bleibt keine Wahl als davon auszugehen, dass der schwarz-gr\u00fcnen Landesregierung die Situation der Sch\u00fcler*innen egal ist oder aber, dass sie einfach inkompetent sind. Beides schlechte Aussichten f\u00fcr NRWs Bildungspolitik.\u201c<\/p>\n<p>Die NRW Jusos fordern, dass Ministerin Dorothee Feller f\u00fcr ihr Armutszeugnis einstehen und umgehend bei den Sch\u00fcler*innen f\u00fcr die IT-Panne und f\u00fcr die mangelhafte Kommunikation um Entschuldigung bitten muss. Das Ministerium muss sicherstellen, dass die weiteren Pr\u00fcfungen reibungslos ablaufen. Weitere Fehler d\u00fcrfen nicht unterlaufen!<\/p>\n<p><em><strong>Foto:<\/strong> Christian Erfurt\/Unsplash.com<\/em><\/p>\n","protected":false},"excerpt":{"rendered":"<p>Rund 72.000 Abiturientinnen in NRW m\u00fcssen um ihre Abiturpr\u00fcfungen bangen. Die NRW Jusos und Vorsitzende Nina Gaedike kritisieren die mangelhafte Kommunikation der CDU-Schulministerin und verlangen eine Entschuldigung bei den Sch\u00fclerinnen! [&hellip;]<\/p>\n","protected":false},"author":2,"featured_media":26006,"comment_status":"closed","ping_status":"closed","sticky":false,"template":"","format":"standard","meta":{"_uag_custom_page_level_css":"","site-sidebar-layout":"default","site-content-layout":"","ast-site-content-layout":"default","site-content-style":"default","site-sidebar-style":"default","ast-global-header-display":"","ast-banner-title-visibility":"","ast-main-header-display":"","ast-hfb-above-header-display":"","ast-hfb-below-header-display":"","ast-hfb-mobile-header-display":"","site-post-title":"","ast-breadcrumbs-content":"","ast-featured-img":"","footer-sml-layout":"","ast-disable-related-posts":"","theme-transparent-header-meta":"default","adv-header-id-meta":"","stick-header-meta":"","header-above-stick-meta":"","header-main-stick-meta":"","header-below-stick-meta":"","astra-migrate-meta-layouts":"set","ast-page-background-enabled":"default","ast-page-background-meta":{"desktop":{"background-color":"var(--ast-global-color-4)","background-image":"","background-repeat":"repeat","background-position":"center center","background-size":"auto","background-attachment":"scroll","background-type":"","background-media":"","overlay-type":"","overlay-color":"","overlay-opacity":"","overlay-gradient":""},"tablet":{"background-color":"","background-image":"","background-repeat":"repeat","background-position":"center center","background-size":"auto","background-attachment":"scroll","background-type":"","background-media":"","overlay-type":"","overlay-color":"","overlay-opacity":"","overlay-gradient":""},"mobile":{"background-color":"","background-image":"","background-repeat":"repeat","background-position":"center center","background-size":"auto","background-attachment":"scroll","background-type":"","background-media":"","overlay-type":"","overlay-color":"","overlay-opacity":"","overlay-gradient":""}},"ast-content-background-meta":{"desktop":{"background-color":"var(--ast-global-color-5)","background-image":"","background-repeat":"repeat","background-position":"center center","background-size":"auto","background-attachment":"scroll","background-type":"","background-media":"","overlay-type":"","overlay-color":"","overlay-opacity":"","overlay-gradient":""},"tablet":{"background-color":"var(--ast-global-color-5)","background-image":"","background-repeat":"repeat","background-position":"center center","background-size":"auto","background-attachment":"scroll","background-type":"","background-media":"","overlay-type":"","overlay-color":"","overlay-opacity":"","overlay-gradient":""},"mobile":{"background-color":"var(--ast-global-color-5)","background-image":"","background-repeat":"repeat","background-position":"center center","background-size":"auto","background-attachment":"scroll","background-type":"","background-media":"","overlay-type":"","overlay-color":"","overlay-opacity":"","overlay-gradient":""}},"footnotes":""},"categories":[18],"tags":[],"class_list":["post-26005","post","type-post","status-publish","format-standard","has-post-thumbnail","hentry","category-aus-dem-landesverband"],"uagb_featured_image_src":{"full":["https:\/\/www.dasroteteam.de\/jusos\/wp-content\/uploads\/2023\/08\/christian-erfurt-sxQz2VfoFBE-unsplash.jpg",1920,1440,false],"thumbnail":["https:\/\/www.dasroteteam.de\/jusos\/wp-content\/uploads\/2023\/08\/christian-erfurt-sxQz2VfoFBE-unsplash-80x80.jpg",80,80,true],"medium":["https:\/\/www.dasroteteam.de\/jusos\/wp-content\/uploads\/2023\/08\/christian-erfurt-sxQz2VfoFBE-unsplash-300x225.jpg",300,225,true],"medium_large":["https:\/\/www.dasroteteam.de\/jusos\/wp-content\/uploads\/2023\/08\/christian-erfurt-sxQz2VfoFBE-unsplash-768x576.jpg",768,576,true],"large":["https:\/\/www.dasroteteam.de\/jusos\/wp-content\/uploads\/2023\/08\/christian-erfurt-sxQz2VfoFBE-unsplash-1030x773.jpg",1030,773,true],"1536x1536":["https:\/\/www.dasroteteam.de\/jusos\/wp-content\/uploads\/2023\/08\/christian-erfurt-sxQz2VfoFBE-unsplash-1536x1152.jpg",1536,1152,true],"2048x2048":["https:\/\/www.dasroteteam.de\/jusos\/wp-content\/uploads\/2023\/08\/christian-erfurt-sxQz2VfoFBE-unsplash.jpg",1920,1440,false],"slide-thumbnail":["https:\/\/www.dasroteteam.de\/jusos\/wp-content\/uploads\/2023\/08\/christian-erfurt-sxQz2VfoFBE-unsplash.jpg",1920,1440,false]},"uagb_author_info":{"display_name":"Redaktion","author_link":"https:\/\/www.dasroteteam.de\/jusos\/author\/vogelje\/"},"uagb_comment_info":0,"uagb_excerpt":"Rund 72.000 Abiturientinnen in NRW m\u00fcssen um ihre Abiturpr\u00fcfungen bangen. Die NRW Jusos und Vorsitzende Nina Gaedike kritisieren die mangelhafte Kommunikation der CDU-Schulministerin und verlangen eine Entschuldigung bei den Sch\u00fclerinnen! [&hellip;]","_links":{"self":[{"href":"https:\/\/www.dasroteteam.de\/jusos\/wp-json\/wp\/v2\/posts\/26005","targetHints":{"allow":["GET"]}}],"collection":[{"href":"https:\/\/www.dasroteteam.de\/jusos\/wp-json\/wp\/v2\/posts"}],"about":[{"href":"https:\/\/www.dasroteteam.de\/jusos\/wp-json\/wp\/v2\/types\/post"}],"author":[{"embeddable":true,"href":"https:\/\/www.dasroteteam.de\/jusos\/wp-json\/wp\/v2\/users\/2"}],"replies":[{"embeddable":true,"href":"https:\/\/www.dasroteteam.de\/jusos\/wp-json\/wp\/v2\/comments?post=26005"}],"version-history":[{"count":0,"href":"https:\/\/www.dasroteteam.de\/jusos\/wp-json\/wp\/v2\/posts\/26005\/revisions"}],"wp:featuredmedia":[{"embeddable":true,"href":"https:\/\/www.dasroteteam.de\/jusos\/wp-json\/wp\/v2\/media\/26006"}],"wp:attachment":[{"href":"https:\/\/www.dasroteteam.de\/jusos\/wp-json\/wp\/v2\/media?parent=26005"}],"wp:term":[{"taxonomy":"category","embeddable":true,"href":"https:\/\/www.dasroteteam.de\/jusos\/wp-json\/wp\/v2\/categories?post=26005"},{"taxonomy":"post_tag","embeddable":true,"href":"https:\/\/www.dasroteteam.de\/jusos\/wp-json\/wp\/v2\/tags?post=26005"}],"curies":[{"name":"wp","href":"https:\/\/api.w.org\/{rel}","templated":true}]}}