{"id":25997,"date":"2023-06-29T02:26:23","date_gmt":"2023-06-29T00:26:23","guid":{"rendered":"https:\/\/www.dasroteteam.de\/jusos\/?p=25997"},"modified":"2025-04-26T14:19:52","modified_gmt":"2025-04-26T12:19:52","slug":"finger-weg-vom-asylrecht-geld-her-fuer-klamme-kommunen","status":"publish","type":"post","link":"https:\/\/www.dasroteteam.de\/jusos\/2023\/06\/29\/finger-weg-vom-asylrecht-geld-her-fuer-klamme-kommunen\/","title":{"rendered":"Finger weg vom Asylrecht, Geld her f\u00fcr klamme Kommunen!"},"content":{"rendered":"<p><strong>NRW Jusos und Gr\u00fcne Jugend NRW mit Appell an Landesregierung | Pressemitteilung der NRW Jusos und der Gr\u00fcnen Jugend NRW \u2013 29. Juni 2023<\/strong><\/p>\n<p>\u201eDie W\u00fcrde des Menschen ist unantastbar!\u201c \u2013 NRW Jusos und Gr\u00fcne Jugend NRW wollen das nicht zur Phrase verkommen lassen. Die Jugendorganisationen richten ihren Appell nicht nur an die Bundesregierung, die die Asylrechtsversch\u00e4rfungen im Rahmen der GEAS-Reform zur\u00fccknehmen soll. Nina Gaedike (Vorsitzende NRW Jusos), Nicola Dichant und R\u00eanas Sahin (Gr\u00fcne Jugend NRW) wenden sich direkt an die NRW-Landesregierung und fordern diese auf,<\/p>\n<ul>\n<li><strong>sich im Bundesrat sich konsequent zum Recht auf Asyl zu bekennen!<\/strong> NRW darf keine weiteren Versch\u00e4rfungen des Asylrechts mittragen. Die GEAS-Reform untergr\u00e4bt das individuelle Menschenrecht auf Asyl; das darf partei\u00fcbergreifend niemals als der richtige Weg anerkannt werden! Es muss klar sein: Die Auslagerung von Lagern an die europ\u00e4ischen Au\u00dfengrenzen sowie die St\u00e4rkung von FRONTEX, obwohl die systematischen Menschenrechtsverletzungen durch diese seit Jahren bekannt sind, sind nicht die richtige L\u00f6sung.<\/li>\n<\/ul>\n<ul>\n<li><strong>Kommunen finanziell st\u00e4rker bei der Unterbringung von Gefl\u00fcchteten zu unterst\u00fctzen! <\/strong>Kommunen leisten Unglaubliches bei der Unterbringung von Gefl\u00fcchteten. F\u00fcr viele Kommunen ist das finanziell ein gro\u00dfer Kraftakt. Aktuell fehlt es den Kommunen im ganzen Land an Geld f\u00fcr Investitionen und an Geld f\u00fcr die Unterbringung von Gefl\u00fcchteten. Klamme Kommunen und Gefl\u00fcchtete in ihrer schwierigen Situation gegeneinander auszuspielen, verurteilen NRW Jusos und Gr\u00fcne Jugend NRW aufs Sch\u00e4rfste. Die Bundes- und Landesregierung m\u00fcssen Pl\u00e4ne vorlegen, die NRW-Kommunen ausk\u00f6mmlich zu finanzieren. Bund und Land m\u00fcssen sich dar\u00fcber hinaus st\u00e4rker als bisher an den Kosten f\u00fcr die Unterbringung beteiligen.<\/li>\n<\/ul>\n<p>Von der Landesregierung und Ministerin Paul erwarten NRW Jusos und Gr\u00fcne Jugend NRW, dass auch von Seiten des Landes NRW die Kommunen bei der Unterbringung von Gefl\u00fcchteten st\u00e4rker finanziell unterst\u00fctzt werden \u2013 NRW darf sich keinen schlanken Fu\u00df machen! <strong>Nina Gaedike als Vorsitzende der NRW Jusos unterstreicht<\/strong>: \u201eKommunen und die in NRW untergebrachten Gefl\u00fcchteten haben nichts davon, wenn Bund und Land mit dem Finger aufeinander zeigen. Stattdessen m\u00fcssen Ampel und Schwarz-Gr\u00fcn Hand in Hand Geld in die Hand nehmen und Verantwortung zeigen!\u201c<\/p>\n<p>Von der Bundesregierung und Ministerin Faeser erwarten NRW Jusos und Gr\u00fcne Jugend NRW, dass die Asylrechtsversch\u00e4rfungen im Rahmen der GEAS-Reform, insbesondere die Einrichtung von EU-Au\u00dfengrenzverfahren und Haftlagern f\u00fcr fl\u00fcchtende Menschen, zur\u00fcckgenommen werden. Dar\u00fcber hinaus geh\u00f6ren die Bundesmittel f\u00fcr Kommunen f\u00fcr die Unterbringung von Gefl\u00fcchteten deutlich erh\u00f6ht! <strong>R\u00eanas Sahin als Sprecher der Gr\u00fcnen Jugend NRW dazu<\/strong>: \u201eMit der Zustimmung zur sogenannten GEAS billigt die Bundesregierung die Abschaffung des Rechts auf Asyl in Europa. L\u00f6sen tut die Reform aber keine Probleme, Abschottung und menschenunw\u00fcrdige Haftlager bringen unseren Kommunen auch kein Geld f\u00fcr die Unterbringung. Hier m\u00fcssen Bund und Land Pl\u00e4ne vorlegen, die Kommunen zu sch\u00fctzen und Menschenrechte in Europa zu wahren.\u201c<\/p>\n<div class=\"unskewx\"><\/div>\n<p><em><strong>Foto:<\/strong> Maria Teneva\/unsplash.com<\/em><\/p>\n","protected":false},"excerpt":{"rendered":"<p>NRW Jusos und Gr\u00fcne Jugend NRW mit Appell an Landesregierung | Pressemitteilung der NRW Jusos und der Gr\u00fcnen Jugend NRW \u2013 29. Juni 2023 \u201eDie W\u00fcrde des Menschen ist unantastbar!\u201c [&hellip;]<\/p>\n","protected":false},"author":2,"featured_media":26001,"comment_status":"closed","ping_status":"closed","sticky":false,"template":"","format":"standard","meta":{"_uag_custom_page_level_css":"","site-sidebar-layout":"default","site-content-layout":"","ast-site-content-layout":"default","site-content-style":"default","site-sidebar-style":"default","ast-global-header-display":"","ast-banner-title-visibility":"","ast-main-header-display":"","ast-hfb-above-header-display":"","ast-hfb-below-header-display":"","ast-hfb-mobile-header-display":"","site-post-title":"","ast-breadcrumbs-content":"","ast-featured-img":"","footer-sml-layout":"","ast-disable-related-posts":"","theme-transparent-header-meta":"default","adv-header-id-meta":"","stick-header-meta":"","header-above-stick-meta":"","header-main-stick-meta":"","header-below-stick-meta":"","astra-migrate-meta-layouts":"set","ast-page-background-enabled":"default","ast-page-background-meta":{"desktop":{"background-color":"var(--ast-global-color-4)","background-image":"","background-repeat":"repeat","background-position":"center center","background-size":"auto","background-attachment":"scroll","background-type":"","background-media":"","overlay-type":"","overlay-color":"","overlay-opacity":"","overlay-gradient":""},"tablet":{"background-color":"","background-image":"","background-repeat":"repeat","background-position":"center center","background-size":"auto","background-attachment":"scroll","background-type":"","background-media":"","overlay-type":"","overlay-color":"","overlay-opacity":"","overlay-gradient":""},"mobile":{"background-color":"","background-image":"","background-repeat":"repeat","background-position":"center center","background-size":"auto","background-attachment":"scroll","background-type":"","background-media":"","overlay-type":"","overlay-color":"","overlay-opacity":"","overlay-gradient":""}},"ast-content-background-meta":{"desktop":{"background-color":"var(--ast-global-color-5)","background-image":"","background-repeat":"repeat","background-position":"center center","background-size":"auto","background-attachment":"scroll","background-type":"","background-media":"","overlay-type":"","overlay-color":"","overlay-opacity":"","overlay-gradient":""},"tablet":{"background-color":"var(--ast-global-color-5)","background-image":"","background-repeat":"repeat","background-position":"center center","background-size":"auto","background-attachment":"scroll","background-type":"","background-media":"","overlay-type":"","overlay-color":"","overlay-opacity":"","overlay-gradient":""},"mobile":{"background-color":"var(--ast-global-color-5)","background-image":"","background-repeat":"repeat","background-position":"center center","background-size":"auto","background-attachment":"scroll","background-type":"","background-media":"","overlay-type":"","overlay-color":"","overlay-opacity":"","overlay-gradient":""}},"footnotes":""},"categories":[18],"tags":[],"class_list":["post-25997","post","type-post","status-publish","format-standard","has-post-thumbnail","hentry","category-aus-dem-landesverband"],"uagb_featured_image_src":{"full":["https:\/\/www.dasroteteam.de\/jusos\/wp-content\/uploads\/2023\/06\/maria-teneva-uHDbnG-Avpc-unsplash.jpg",1920,1280,false],"thumbnail":["https:\/\/www.dasroteteam.de\/jusos\/wp-content\/uploads\/2023\/06\/maria-teneva-uHDbnG-Avpc-unsplash-80x80.jpg",80,80,true],"medium":["https:\/\/www.dasroteteam.de\/jusos\/wp-content\/uploads\/2023\/06\/maria-teneva-uHDbnG-Avpc-unsplash-300x200.jpg",300,200,true],"medium_large":["https:\/\/www.dasroteteam.de\/jusos\/wp-content\/uploads\/2023\/06\/maria-teneva-uHDbnG-Avpc-unsplash-768x512.jpg",768,512,true],"large":["https:\/\/www.dasroteteam.de\/jusos\/wp-content\/uploads\/2023\/06\/maria-teneva-uHDbnG-Avpc-unsplash-1030x687.jpg",1030,687,true],"1536x1536":["https:\/\/www.dasroteteam.de\/jusos\/wp-content\/uploads\/2023\/06\/maria-teneva-uHDbnG-Avpc-unsplash-1536x1024.jpg",1536,1024,true],"2048x2048":["https:\/\/www.dasroteteam.de\/jusos\/wp-content\/uploads\/2023\/06\/maria-teneva-uHDbnG-Avpc-unsplash.jpg",1920,1280,false],"slide-thumbnail":["https:\/\/www.dasroteteam.de\/jusos\/wp-content\/uploads\/2023\/06\/maria-teneva-uHDbnG-Avpc-unsplash.jpg",1920,1280,false]},"uagb_author_info":{"display_name":"Redaktion","author_link":"https:\/\/www.dasroteteam.de\/jusos\/author\/vogelje\/"},"uagb_comment_info":0,"uagb_excerpt":"NRW Jusos und Gr\u00fcne Jugend NRW mit Appell an Landesregierung | Pressemitteilung der NRW Jusos und der Gr\u00fcnen Jugend NRW \u2013 29. Juni 2023 \u201eDie W\u00fcrde des Menschen ist unantastbar!\u201c [&hellip;]","_links":{"self":[{"href":"https:\/\/www.dasroteteam.de\/jusos\/wp-json\/wp\/v2\/posts\/25997","targetHints":{"allow":["GET"]}}],"collection":[{"href":"https:\/\/www.dasroteteam.de\/jusos\/wp-json\/wp\/v2\/posts"}],"about":[{"href":"https:\/\/www.dasroteteam.de\/jusos\/wp-json\/wp\/v2\/types\/post"}],"author":[{"embeddable":true,"href":"https:\/\/www.dasroteteam.de\/jusos\/wp-json\/wp\/v2\/users\/2"}],"replies":[{"embeddable":true,"href":"https:\/\/www.dasroteteam.de\/jusos\/wp-json\/wp\/v2\/comments?post=25997"}],"version-history":[{"count":0,"href":"https:\/\/www.dasroteteam.de\/jusos\/wp-json\/wp\/v2\/posts\/25997\/revisions"}],"wp:featuredmedia":[{"embeddable":true,"href":"https:\/\/www.dasroteteam.de\/jusos\/wp-json\/wp\/v2\/media\/26001"}],"wp:attachment":[{"href":"https:\/\/www.dasroteteam.de\/jusos\/wp-json\/wp\/v2\/media?parent=25997"}],"wp:term":[{"taxonomy":"category","embeddable":true,"href":"https:\/\/www.dasroteteam.de\/jusos\/wp-json\/wp\/v2\/categories?post=25997"},{"taxonomy":"post_tag","embeddable":true,"href":"https:\/\/www.dasroteteam.de\/jusos\/wp-json\/wp\/v2\/tags?post=25997"}],"curies":[{"name":"wp","href":"https:\/\/api.w.org\/{rel}","templated":true}]}}