{"id":25911,"date":"2022-12-17T15:11:16","date_gmt":"2022-12-17T14:11:16","guid":{"rendered":"https:\/\/www.dasroteteam.de\/jusos\/?p=25911"},"modified":"2025-04-26T14:45:18","modified_gmt":"2025-04-26T12:45:18","slug":"unsere-antwort-auf-die-krise-solidaritaet","status":"publish","type":"post","link":"https:\/\/www.dasroteteam.de\/jusos\/2022\/12\/17\/unsere-antwort-auf-die-krise-solidaritaet\/","title":{"rendered":"Unsere Antwort auf die Krise? Solidarit\u00e4t!"},"content":{"rendered":"<p><strong>NRW Jusos erarbeiten bei Sozialgipfel mit Gewerkschaft, Abgeordneten und Sozialverb\u00e4nden Strategien gegen soziale Notlagen. Harte Kritik an Schwarz-Gr\u00fcn in NRW.<\/strong><\/p>\n<p>Steigende Energiekosten, Inflation, Pandemie und eine, so Juso-Landesvorsitzende Nina Gaedike \u201etr\u00e4ge Landesregierung, die den Ernst der Lage nicht erkennt\u201c \u2013 all das sind Gr\u00fcnde, weshalb die NRW Jusos kurz vor den Weihnachtstagen mit Gewerkschaften, Sozialverb\u00e4nden und Abgeordneten zusammenkommen, um gemeinsam \u00fcber soziale H\u00e4rten und \u00fcber Armut zu sprechen. Dazu sind am Samstag im D\u00fcsseldorfer Gewerkschaftshaus rund 50 junge Menschen zusammengekommen und haben \u00fcber den Tag hinweg erarbeitet, wie sie konkret Menschen in sozialen Notlagen unterst\u00fctzen k\u00f6nnen. Und, wie eine zivilgesellschaftliche Koalition geschmiedet werden kann, die anders als die \u201eschwarz-gr\u00fcne Besserverdienerkoalition\u201c, die sozialen H\u00e4rten in NRW anpackt und Solidarit\u00e4t organisiert.<\/p>\n<p>\u201eWie sieht es aus mit Kinder- und Jugendarmut in NRW? Wie k\u00f6nnen wir die Situation von Gefl\u00fcchteten in unserem Bundesland verbessern? Was muss in der Arbeitswelt und in der Lohnpolitik passieren, damit Armut endlich kein Thema mehr in NRW ist?\u201c \u2013 zu diesen Themen arbeiteten die NRW Jusos, also junge Sozialdemokrat*innen zwischen 14 und 35, konzentriert \u00fcber den Tag hinweg in Workshops.<\/p>\n<p>F\u00fcr die NRW Jusos steht das Thema Armutsbek\u00e4mpfung ganz oben auf der politischen Agenda. Im Rahmen ihres sozialen Schwerpunkts will der jungsozialistische Jugendverband auch 2023 und 2024 Wege erarbeiten, die den Menschen in NRW zu mehr Gemeinwohl, mehr Teilhabe und mehr soziale Sicherheit verhelfen! Warum das bitter n\u00f6tig ist, zeigte zuletzt der Digitalatlas Armut:\u00a0 in NRW ist fast jeder f\u00fcnfte Mensch (18,7%) von Armut betroffen; in kaum einem anderen Bundesland ist die Armut zuletzt so stark angewachsen. <strong>F\u00fcr die NRW Jusos und ihre Vorsitzende Nina Gaedike ist das, was Schwarz-Gr\u00fcn der Armut entgegensetzen will, schlichtweg zu wenig:<\/strong><\/p>\n<blockquote class=\"wp-block-quote\"><p>\u201eSchwarz-Gr\u00fcn l\u00e4sst sich auf der eigenen \u201aArmutskonferenz\u2018 daf\u00fcr feiern, die schlimmsten Z\u00fcge der Armut ein wenig zu mildern, etwa mit Geld f\u00fcr die Tafeln. Sie haben gar nicht den Anspruch, an die Wurzeln des Mammut-Problems \u201eArmut in NRW\u201c zu gehen! Dabei liegt doch auf der Hand, wie wir anpacken k\u00f6nnen: zum Beispiel kostenlose Mittagessen f\u00fcr Kinder und Jugendliche, eine starke Mietpreisbremse sowie schnelle Sofortzahlungen\u00ad\u2013 und strukturell: die Abschaffung der Schuldenbremse!\u201c<\/p><\/blockquote>\n","protected":false},"excerpt":{"rendered":"<p>NRW Jusos erarbeiten bei Sozialgipfel mit Gewerkschaft, Abgeordneten und Sozialverb\u00e4nden Strategien gegen soziale Notlagen. Harte Kritik an Schwarz-Gr\u00fcn in NRW. Steigende Energiekosten, Inflation, Pandemie und eine, so Juso-Landesvorsitzende Nina Gaedike [&hellip;]<\/p>\n","protected":false},"author":2,"featured_media":25912,"comment_status":"closed","ping_status":"closed","sticky":false,"template":"","format":"standard","meta":{"_uag_custom_page_level_css":"","site-sidebar-layout":"default","site-content-layout":"default","ast-site-content-layout":"default","site-content-style":"default","site-sidebar-style":"default","ast-global-header-display":"","ast-banner-title-visibility":"","ast-main-header-display":"","ast-hfb-above-header-display":"","ast-hfb-below-header-display":"","ast-hfb-mobile-header-display":"","site-post-title":"","ast-breadcrumbs-content":"","ast-featured-img":"","footer-sml-layout":"","ast-disable-related-posts":"","theme-transparent-header-meta":"default","adv-header-id-meta":"","stick-header-meta":"","header-above-stick-meta":"","header-main-stick-meta":"","header-below-stick-meta":"","astra-migrate-meta-layouts":"set","ast-page-background-enabled":"default","ast-page-background-meta":{"desktop":{"background-color":"var(--ast-global-color-4)","background-image":"","background-repeat":"repeat","background-position":"center center","background-size":"auto","background-attachment":"scroll","background-type":"","background-media":"","overlay-type":"","overlay-color":"","overlay-opacity":"","overlay-gradient":""},"tablet":{"background-color":"","background-image":"","background-repeat":"repeat","background-position":"center center","background-size":"auto","background-attachment":"scroll","background-type":"","background-media":"","overlay-type":"","overlay-color":"","overlay-opacity":"","overlay-gradient":""},"mobile":{"background-color":"","background-image":"","background-repeat":"repeat","background-position":"center center","background-size":"auto","background-attachment":"scroll","background-type":"","background-media":"","overlay-type":"","overlay-color":"","overlay-opacity":"","overlay-gradient":""}},"ast-content-background-meta":{"desktop":{"background-color":"var(--ast-global-color-5)","background-image":"","background-repeat":"repeat","background-position":"center center","background-size":"auto","background-attachment":"scroll","background-type":"","background-media":"","overlay-type":"","overlay-color":"","overlay-opacity":"","overlay-gradient":""},"tablet":{"background-color":"var(--ast-global-color-5)","background-image":"","background-repeat":"repeat","background-position":"center center","background-size":"auto","background-attachment":"scroll","background-type":"","background-media":"","overlay-type":"","overlay-color":"","overlay-opacity":"","overlay-gradient":""},"mobile":{"background-color":"var(--ast-global-color-5)","background-image":"","background-repeat":"repeat","background-position":"center center","background-size":"auto","background-attachment":"scroll","background-type":"","background-media":"","overlay-type":"","overlay-color":"","overlay-opacity":"","overlay-gradient":""}},"footnotes":""},"categories":[18],"tags":[],"class_list":["post-25911","post","type-post","status-publish","format-standard","has-post-thumbnail","hentry","category-aus-dem-landesverband"],"uagb_featured_image_src":{"full":["https:\/\/www.dasroteteam.de\/jusos\/wp-content\/uploads\/2023\/01\/DSC_6612-2048x1152-1.jpeg",2048,1152,false],"thumbnail":["https:\/\/www.dasroteteam.de\/jusos\/wp-content\/uploads\/2023\/01\/DSC_6612-2048x1152-1-80x80.jpeg",80,80,true],"medium":["https:\/\/www.dasroteteam.de\/jusos\/wp-content\/uploads\/2023\/01\/DSC_6612-2048x1152-1-300x169.jpeg",300,169,true],"medium_large":["https:\/\/www.dasroteteam.de\/jusos\/wp-content\/uploads\/2023\/01\/DSC_6612-2048x1152-1-768x432.jpeg",768,432,true],"large":["https:\/\/www.dasroteteam.de\/jusos\/wp-content\/uploads\/2023\/01\/DSC_6612-2048x1152-1-1030x579.jpeg",1030,579,true],"1536x1536":["https:\/\/www.dasroteteam.de\/jusos\/wp-content\/uploads\/2023\/01\/DSC_6612-2048x1152-1-1536x864.jpeg",1536,864,true],"2048x2048":["https:\/\/www.dasroteteam.de\/jusos\/wp-content\/uploads\/2023\/01\/DSC_6612-2048x1152-1.jpeg",2048,1152,false],"slide-thumbnail":["https:\/\/www.dasroteteam.de\/jusos\/wp-content\/uploads\/2023\/01\/DSC_6612-2048x1152-1.jpeg",2048,1152,false]},"uagb_author_info":{"display_name":"Redaktion","author_link":"https:\/\/www.dasroteteam.de\/jusos\/author\/vogelje\/"},"uagb_comment_info":0,"uagb_excerpt":"NRW Jusos erarbeiten bei Sozialgipfel mit Gewerkschaft, Abgeordneten und Sozialverb\u00e4nden Strategien gegen soziale Notlagen. Harte Kritik an Schwarz-Gr\u00fcn in NRW. Steigende Energiekosten, Inflation, Pandemie und eine, so Juso-Landesvorsitzende Nina Gaedike [&hellip;]","_links":{"self":[{"href":"https:\/\/www.dasroteteam.de\/jusos\/wp-json\/wp\/v2\/posts\/25911","targetHints":{"allow":["GET"]}}],"collection":[{"href":"https:\/\/www.dasroteteam.de\/jusos\/wp-json\/wp\/v2\/posts"}],"about":[{"href":"https:\/\/www.dasroteteam.de\/jusos\/wp-json\/wp\/v2\/types\/post"}],"author":[{"embeddable":true,"href":"https:\/\/www.dasroteteam.de\/jusos\/wp-json\/wp\/v2\/users\/2"}],"replies":[{"embeddable":true,"href":"https:\/\/www.dasroteteam.de\/jusos\/wp-json\/wp\/v2\/comments?post=25911"}],"version-history":[{"count":0,"href":"https:\/\/www.dasroteteam.de\/jusos\/wp-json\/wp\/v2\/posts\/25911\/revisions"}],"wp:featuredmedia":[{"embeddable":true,"href":"https:\/\/www.dasroteteam.de\/jusos\/wp-json\/wp\/v2\/media\/25912"}],"wp:attachment":[{"href":"https:\/\/www.dasroteteam.de\/jusos\/wp-json\/wp\/v2\/media?parent=25911"}],"wp:term":[{"taxonomy":"category","embeddable":true,"href":"https:\/\/www.dasroteteam.de\/jusos\/wp-json\/wp\/v2\/categories?post=25911"},{"taxonomy":"post_tag","embeddable":true,"href":"https:\/\/www.dasroteteam.de\/jusos\/wp-json\/wp\/v2\/tags?post=25911"}],"curies":[{"name":"wp","href":"https:\/\/api.w.org\/{rel}","templated":true}]}}