{"id":25769,"date":"2021-05-25T17:17:35","date_gmt":"2021-05-25T15:17:35","guid":{"rendered":"https:\/\/www.dasroteteam.de\/jusos\/?p=25769"},"modified":"2025-04-26T23:11:44","modified_gmt":"2025-04-26T21:11:44","slug":"die-jusos-minden-luebbecke-haben-einen-neuen-vorstand-gewaehlt-aus-alt-macht-jung","status":"publish","type":"post","link":"https:\/\/www.dasroteteam.de\/jusos\/2021\/05\/25\/die-jusos-minden-luebbecke-haben-einen-neuen-vorstand-gewaehlt-aus-alt-macht-jung\/","title":{"rendered":"Die Jusos Minden-L\u00fcbbecke haben einen neuen Vorstand gew\u00e4hlt: Aus alt macht jung"},"content":{"rendered":"<p>Ein letztes Mal Protokoll schreiben, das letzte offizielle Treffen als Vorsitzender. F\u00fcr <strong>Jannes Tilicke <\/strong>ging am Pfingstwochenende eine Epoche zu Ende. Er gibt sein Amt weiter: An <strong>Alica Sch\u00f6mer<\/strong> und <strong>Max Holzkamp<\/strong>, die sich zusammen mit dem neu kandidierenden Vorstand auf der Online-Kreisverbandskonferenz der Jusos Minden-L\u00fcbbecke am 01. Mai 2021 vorgestellt hatten. Nun wurden sie per Briefwahl best\u00e4tigt. Jannes Tilicke hatte zuvor angek\u00fcndigt, nicht mehr als Vorsitzender zu kandidieren und das Amt in j\u00fcngere H\u00e4nde abzugeben. Er hinterl\u00e4sst den bleibenden Eindruck guter Arbeit, erfolgreicher Aktionen und sachlicher Fachkompetenz.<\/p>\n<p><span id=\"more-25769\"><\/span>Ebenso erfolgreich will der neue Vorstand rund um die quotierte Doppelspitze von Alica Sch\u00f6mer und Max Louis Holzkamp ihre Arbeit beginnen. Viele neue Gesichter hat der neue Kreisvorstand bekommen und sich auch deutlich verj\u00fcngt. ,,Ich bin unglaublich froh, dass wir so ein tolles Team hinter uns haben\u201c, so Alica Sch\u00f6mer.<\/p>\n<p>Am 22. Mai wurden die Gleichstellungsbeauftragten Milena K\u00f6nig und H\u00fcsniye Gedik, die Schriftf\u00fchrer <strong>Mathias Straub<\/strong> und <strong>Viola von Lochow<\/strong>, sowie die Neumitgliederbeauftragte <strong>Sanja Angelina Deppendorf<\/strong>, der Kassierer <strong>Hans-Matthias Schmidt<\/strong>, der Pressebeauftragte <strong>Niklas Dresselmann<\/strong> und der Social-Media-Beauftragte <strong>Tim Schoolmann<\/strong> gew\u00e4hlt. Neben dem neuen Vorstand wurden auch die Delegierten f\u00fcr die Regionalkonferenz der Jusos OWL und f\u00fcr die Juso Landeskonferenz gew\u00e4hlt.<\/p>\n<p>Auf der Agenda stehen sowohl die Vernetzung innerhalb der Jusos und der SPD als auch die inhaltlichen Positionen der SPD zu hinterfragen. Dabei soll sich auch eine neue Gespr\u00e4chsreihe der Jusos etablieren, die kontrovers und kritisch die politischen Fragen unserer Zeit aufarbeitet. ,,Gerade mit der bevorstehenden Bundestagswahl ist es die Aufgabe der Jusos, auch ungem\u00fctliche Fragen zu stellen.\u201c, so Max Louis Holzkamp. ,,Unsere Inhalte m\u00fcssen Diskussionen und hartn\u00e4ckigen Fragen standhalten! Erst dann k\u00f6nnen wir sicher sein, dass sie sich auch auf dem politischen Parkett behaupten werden\u201c. Ebenfalls wird die Pr\u00e4senz in den Sozialen Medien verbessert und erneuert.<\/p>\n<p>Wer sich ein Bild von der Arbeit der Jusos im M\u00fchlenkreis machen oder direkt Mitglied werden m\u00f6chte, ist herzlich eingeladen, auch pers\u00f6nlich mit dem neuen Vorstand \u00fcber die Internetseite oder auf Instagram (@<a href=\"https:\/\/www.instagram.com\/jusos.minden_luebbecke\/\" target=\"_blank\" rel=\"noopener\">jusos.minden_luebbecke<\/a>) und <a href=\"https:\/\/www.facebook.com\/JusosMilk\/\" target=\"_blank\" rel=\"noopener\">Facebook<\/a> Kontakt aufzunehmen.<\/p>\n<p><em style=\"font-size: 16px;\"><strong>Foto\/von links: <\/strong><\/em><span style=\"font-size: 16px;\">Jannes Tilicke, Alica Sch\u00f6mer, Max Louis Holzkamp<\/span><\/p>\n","protected":false},"excerpt":{"rendered":"<p>Ein letztes Mal Protokoll schreiben, das letzte offizielle Treffen als Vorsitzender. F\u00fcr Jannes Tilicke ging am Pfingstwochenende eine Epoche zu Ende. Er gibt sein Amt weiter: An Alica Sch\u00f6mer und [&hellip;]<\/p>\n","protected":false},"author":2,"featured_media":25770,"comment_status":"closed","ping_status":"closed","sticky":false,"template":"","format":"standard","meta":{"_uag_custom_page_level_css":"","site-sidebar-layout":"default","site-content-layout":"default","ast-site-content-layout":"default","site-content-style":"default","site-sidebar-style":"default","ast-global-header-display":"","ast-banner-title-visibility":"","ast-main-header-display":"","ast-hfb-above-header-display":"","ast-hfb-below-header-display":"","ast-hfb-mobile-header-display":"","site-post-title":"","ast-breadcrumbs-content":"","ast-featured-img":"","footer-sml-layout":"","ast-disable-related-posts":"","theme-transparent-header-meta":"default","adv-header-id-meta":"","stick-header-meta":"","header-above-stick-meta":"","header-main-stick-meta":"","header-below-stick-meta":"","astra-migrate-meta-layouts":"set","ast-page-background-enabled":"default","ast-page-background-meta":{"desktop":{"background-color":"var(--ast-global-color-4)","background-image":"","background-repeat":"repeat","background-position":"center center","background-size":"auto","background-attachment":"scroll","background-type":"","background-media":"","overlay-type":"","overlay-color":"","overlay-opacity":"","overlay-gradient":""},"tablet":{"background-color":"","background-image":"","background-repeat":"repeat","background-position":"center center","background-size":"auto","background-attachment":"scroll","background-type":"","background-media":"","overlay-type":"","overlay-color":"","overlay-opacity":"","overlay-gradient":""},"mobile":{"background-color":"","background-image":"","background-repeat":"repeat","background-position":"center center","background-size":"auto","background-attachment":"scroll","background-type":"","background-media":"","overlay-type":"","overlay-color":"","overlay-opacity":"","overlay-gradient":""}},"ast-content-background-meta":{"desktop":{"background-color":"var(--ast-global-color-5)","background-image":"","background-repeat":"repeat","background-position":"center center","background-size":"auto","background-attachment":"scroll","background-type":"","background-media":"","overlay-type":"","overlay-color":"","overlay-opacity":"","overlay-gradient":""},"tablet":{"background-color":"var(--ast-global-color-5)","background-image":"","background-repeat":"repeat","background-position":"center center","background-size":"auto","background-attachment":"scroll","background-type":"","background-media":"","overlay-type":"","overlay-color":"","overlay-opacity":"","overlay-gradient":""},"mobile":{"background-color":"var(--ast-global-color-5)","background-image":"","background-repeat":"repeat","background-position":"center center","background-size":"auto","background-attachment":"scroll","background-type":"","background-media":"","overlay-type":"","overlay-color":"","overlay-opacity":"","overlay-gradient":""}},"footnotes":""},"categories":[21,4],"tags":[],"class_list":["post-25769","post","type-post","status-publish","format-standard","has-post-thumbnail","hentry","category-aus-dem-ub","category-presse-news"],"uagb_featured_image_src":{"full":["https:\/\/www.dasroteteam.de\/jusos\/wp-content\/uploads\/2021\/05\/188918313_3867885556600518_1190925906525389486_n.jpg",1782,1235,false],"thumbnail":["https:\/\/www.dasroteteam.de\/jusos\/wp-content\/uploads\/2021\/05\/188918313_3867885556600518_1190925906525389486_n-80x80.jpg",80,80,true],"medium":["https:\/\/www.dasroteteam.de\/jusos\/wp-content\/uploads\/2021\/05\/188918313_3867885556600518_1190925906525389486_n-300x208.jpg",300,208,true],"medium_large":["https:\/\/www.dasroteteam.de\/jusos\/wp-content\/uploads\/2021\/05\/188918313_3867885556600518_1190925906525389486_n-768x532.jpg",768,532,true],"large":["https:\/\/www.dasroteteam.de\/jusos\/wp-content\/uploads\/2021\/05\/188918313_3867885556600518_1190925906525389486_n-1030x714.jpg",1030,714,true],"1536x1536":["https:\/\/www.dasroteteam.de\/jusos\/wp-content\/uploads\/2021\/05\/188918313_3867885556600518_1190925906525389486_n-1536x1065.jpg",1536,1065,true],"2048x2048":["https:\/\/www.dasroteteam.de\/jusos\/wp-content\/uploads\/2021\/05\/188918313_3867885556600518_1190925906525389486_n.jpg",1782,1235,false],"slide-thumbnail":["https:\/\/www.dasroteteam.de\/jusos\/wp-content\/uploads\/2021\/05\/188918313_3867885556600518_1190925906525389486_n.jpg",1782,1235,false]},"uagb_author_info":{"display_name":"Redaktion","author_link":"https:\/\/www.dasroteteam.de\/jusos\/author\/vogelje\/"},"uagb_comment_info":0,"uagb_excerpt":"Ein letztes Mal Protokoll schreiben, das letzte offizielle Treffen als Vorsitzender. F\u00fcr Jannes Tilicke ging am Pfingstwochenende eine Epoche zu Ende. Er gibt sein Amt weiter: An Alica Sch\u00f6mer und [&hellip;]","_links":{"self":[{"href":"https:\/\/www.dasroteteam.de\/jusos\/wp-json\/wp\/v2\/posts\/25769","targetHints":{"allow":["GET"]}}],"collection":[{"href":"https:\/\/www.dasroteteam.de\/jusos\/wp-json\/wp\/v2\/posts"}],"about":[{"href":"https:\/\/www.dasroteteam.de\/jusos\/wp-json\/wp\/v2\/types\/post"}],"author":[{"embeddable":true,"href":"https:\/\/www.dasroteteam.de\/jusos\/wp-json\/wp\/v2\/users\/2"}],"replies":[{"embeddable":true,"href":"https:\/\/www.dasroteteam.de\/jusos\/wp-json\/wp\/v2\/comments?post=25769"}],"version-history":[{"count":0,"href":"https:\/\/www.dasroteteam.de\/jusos\/wp-json\/wp\/v2\/posts\/25769\/revisions"}],"wp:featuredmedia":[{"embeddable":true,"href":"https:\/\/www.dasroteteam.de\/jusos\/wp-json\/wp\/v2\/media\/25770"}],"wp:attachment":[{"href":"https:\/\/www.dasroteteam.de\/jusos\/wp-json\/wp\/v2\/media?parent=25769"}],"wp:term":[{"taxonomy":"category","embeddable":true,"href":"https:\/\/www.dasroteteam.de\/jusos\/wp-json\/wp\/v2\/categories?post=25769"},{"taxonomy":"post_tag","embeddable":true,"href":"https:\/\/www.dasroteteam.de\/jusos\/wp-json\/wp\/v2\/tags?post=25769"}],"curies":[{"name":"wp","href":"https:\/\/api.w.org\/{rel}","templated":true}]}}