{"id":2510,"date":"2017-05-15T20:27:24","date_gmt":"2017-05-15T18:27:24","guid":{"rendered":"https:\/\/www.dasroteteam.de\/jusos\/?p=2510"},"modified":"2017-05-15T20:28:06","modified_gmt":"2017-05-15T18:28:06","slug":"klare-kante-gegen-grosse-koalition","status":"publish","type":"post","link":"https:\/\/www.dasroteteam.de\/jusos\/2017\/05\/15\/klare-kante-gegen-grosse-koalition\/","title":{"rendered":"Klare Kante gegen Gro\u00c3\u0178e Koalition"},"content":{"rendered":"<p><strong>Zum Ausgang der Landtagswahl in Nordrhein-Westfalen erkl\u00c3\u00a4rt Micha Heitkamp, Vorsitzender der Jusos Ostwestfalen-Lippe:<\/strong><\/p>\n<p><img fetchpriority=\"high\" decoding=\"async\" class=\"alignright size-medium wp-image-459\" src=\"http:\/\/jusos-owl.de\/wp-content\/uploads\/2017\/05\/image18-300x300.jpg\" alt=\"\" width=\"300\" height=\"300\" \/>Das Ergebnis der Landtagswahl ist ein Schock f\u00c3\u00bcr die SPD. Wir haben f\u00c3\u00bcr NRW eine Richtungswahl erlebt und krachend verloren. Mit einer schwarz-gelben Mehrheit wird es keine mutige Investitionspolitik geben, die die Kommunen st\u00c3\u00a4rkt und den jungen Menschen im Land eine gute Zukunft erm\u00c3\u00b6glicht. Auch es wird keine gute Bildung geben, die f\u00c3\u00bcr alle unabh\u00c3\u00a4ngig vom Geldbeutel der Eltern zug\u00c3\u00a4nglich ist. Stattdessen drohen neue Studiengeb\u00c3\u00bchren, tiefe Einschnitte f\u00c3\u00bcr Arbeitnehmer*innen und eine Politik nach dem Motto \u00e2\u20ac\u017ePrivat vor Staat\u00e2\u20ac\u0153.<\/p>\n<p><!--more--><\/p>\n<p>Wir bleiben \u00c3\u00bcberzeugt von unseren Inhalten. Wir fordern mehr Investitionen. Denn unsere Zukunft gibt es nicht f\u00c3\u00bcr lau! Aber wir m\u00c3\u00bcssen jetzt grunds\u00c3\u00a4tzlich \u00c3\u00bcberpr\u00c3\u00bcfen, warum wir damit die Mehrheit der Betroffenen nicht erreicht haben. F\u00c3\u00bcr uns ist klar: Nach dieser krachenden Niederlage darf es keine Gro\u00c3\u0178e Koalition unter Armin Laschet geben.<\/p>\n<p>In den vergangenen Wochen waren in ganz OWL die Jusos die treibende Kraft der lokalen Wahlk\u00c3\u00a4mpfe. Viele junge Menschen haben sich Tage und N\u00c3\u00a4chte um die Ohren geschlagen, um f\u00c3\u00bcr ihre politische \u00c3\u0153berzeugung zu k\u00c3\u00a4mpfen. Diesen Einsatz werden wir auch in die Neuaufstellung der Partei einbringen. Einen ganz besonderen Dank verdienen die beiden Jusos Marcel Franzmann und Jan Goldberg, die in schwierigen Wahlkreisen als Direktkandidaten um jede Stimme gek\u00c3\u00a4mpft haben.<\/p>\n<p>Schockierend ist, dass mit der AfD von nun an eine extrem rechte Partei im Landtag sitzen wird. Wir brauchen in den kommenden f\u00c3\u00bcnf Jahren eine bunte Zivilgesellschaft, die klare Haltung gegen Fremdenfeindlichkeit und Rassismus zeigt. Eine rechtsradikale Partei in unseren Parlamenten darf niemals zu einem Normalzustand werden.<\/p>\n<p>Die SPD und Martin Schulz haben jetzt bis September Zeit, die Menschen davon zu \u00c3\u00bcberzeugen, dass die Zukunftsf\u00c3\u00a4higkeit der Bundesrepublik \u00c3\u00bcber eine gerechtere Gesellschaft f\u00c3\u00bchrt. Wenn Schwarz-Gelb auch im Bund an die Regierung kommt, droht ein radikaler sozialer Kahlschlag, zukunftspolitischer Stillstand und ein Einstieg in Trumps Aufr\u00c3\u00bcstungswettbewerb. Die SPD muss \u00c3\u00bcberzeugende Konzepte in Abgrenzung zur CDU haben, wie wir mutig in die Zukunft investieren, gute Arbeit schaffen und das Land gerechter machen.<\/p>\n","protected":false},"excerpt":{"rendered":"<p>Zum Ausgang der Landtagswahl in Nordrhein-Westfalen erkl\u00c3\u00a4rt Micha Heitkamp, Vorsitzender der Jusos Ostwestfalen-Lippe: Das Ergebnis der Landtagswahl ist ein Schock f\u00c3\u00bcr die SPD. Wir haben f\u00c3\u00bcr NRW eine Richtungswahl erlebt [&hellip;]<\/p>\n","protected":false},"author":2,"featured_media":2512,"comment_status":"open","ping_status":"open","sticky":false,"template":"","format":"standard","meta":{"_uag_custom_page_level_css":"","site-sidebar-layout":"default","site-content-layout":"","ast-site-content-layout":"default","site-content-style":"default","site-sidebar-style":"default","ast-global-header-display":"","ast-banner-title-visibility":"","ast-main-header-display":"","ast-hfb-above-header-display":"","ast-hfb-below-header-display":"","ast-hfb-mobile-header-display":"","site-post-title":"","ast-breadcrumbs-content":"","ast-featured-img":"","footer-sml-layout":"","ast-disable-related-posts":"","theme-transparent-header-meta":"","adv-header-id-meta":"","stick-header-meta":"","header-above-stick-meta":"","header-main-stick-meta":"","header-below-stick-meta":"","astra-migrate-meta-layouts":"default","ast-page-background-enabled":"default","ast-page-background-meta":{"desktop":{"background-color":"var(--ast-global-color-4)","background-image":"","background-repeat":"repeat","background-position":"center center","background-size":"auto","background-attachment":"scroll","background-type":"","background-media":"","overlay-type":"","overlay-color":"","overlay-opacity":"","overlay-gradient":""},"tablet":{"background-color":"","background-image":"","background-repeat":"repeat","background-position":"center center","background-size":"auto","background-attachment":"scroll","background-type":"","background-media":"","overlay-type":"","overlay-color":"","overlay-opacity":"","overlay-gradient":""},"mobile":{"background-color":"","background-image":"","background-repeat":"repeat","background-position":"center center","background-size":"auto","background-attachment":"scroll","background-type":"","background-media":"","overlay-type":"","overlay-color":"","overlay-opacity":"","overlay-gradient":""}},"ast-content-background-meta":{"desktop":{"background-color":"var(--ast-global-color-5)","background-image":"","background-repeat":"repeat","background-position":"center center","background-size":"auto","background-attachment":"scroll","background-type":"","background-media":"","overlay-type":"","overlay-color":"","overlay-opacity":"","overlay-gradient":""},"tablet":{"background-color":"var(--ast-global-color-5)","background-image":"","background-repeat":"repeat","background-position":"center center","background-size":"auto","background-attachment":"scroll","background-type":"","background-media":"","overlay-type":"","overlay-color":"","overlay-opacity":"","overlay-gradient":""},"mobile":{"background-color":"var(--ast-global-color-5)","background-image":"","background-repeat":"repeat","background-position":"center center","background-size":"auto","background-attachment":"scroll","background-type":"","background-media":"","overlay-type":"","overlay-color":"","overlay-opacity":"","overlay-gradient":""}},"footnotes":""},"categories":[250,19,249],"tags":[],"class_list":["post-2510","post","type-post","status-publish","format-standard","has-post-thumbnail","hentry","category-aktuelles","category-aus-der-region","category-news-aus-der-region-land-bund"],"uagb_featured_image_src":{"full":["https:\/\/www.dasroteteam.de\/jusos\/wp-content\/uploads\/2017\/05\/image18.jpg",2560,2560,false],"thumbnail":["https:\/\/www.dasroteteam.de\/jusos\/wp-content\/uploads\/2017\/05\/image18-150x150.jpg",80,80,true],"medium":["https:\/\/www.dasroteteam.de\/jusos\/wp-content\/uploads\/2017\/05\/image18-300x300.jpg",300,300,true],"medium_large":["https:\/\/www.dasroteteam.de\/jusos\/wp-content\/uploads\/2017\/05\/image18-768x768.jpg",768,768,true],"large":["https:\/\/www.dasroteteam.de\/jusos\/wp-content\/uploads\/2017\/05\/image18-1024x1024.jpg",1024,1024,true],"1536x1536":["https:\/\/www.dasroteteam.de\/jusos\/wp-content\/uploads\/2017\/05\/image18.jpg",1536,1536,false],"2048x2048":["https:\/\/www.dasroteteam.de\/jusos\/wp-content\/uploads\/2017\/05\/image18.jpg",2048,2048,false],"slide-thumbnail":["https:\/\/www.dasroteteam.de\/jusos\/wp-content\/uploads\/2017\/05\/image18.jpg",2560,2560,false]},"uagb_author_info":{"display_name":"Redaktion","author_link":"https:\/\/www.dasroteteam.de\/jusos\/author\/vogelje\/"},"uagb_comment_info":0,"uagb_excerpt":"Zum Ausgang der Landtagswahl in Nordrhein-Westfalen erkl\u00c3\u00a4rt Micha Heitkamp, Vorsitzender der Jusos Ostwestfalen-Lippe: Das Ergebnis der Landtagswahl ist ein Schock f\u00c3\u00bcr die SPD. Wir haben f\u00c3\u00bcr NRW eine Richtungswahl erlebt [&hellip;]","_links":{"self":[{"href":"https:\/\/www.dasroteteam.de\/jusos\/wp-json\/wp\/v2\/posts\/2510","targetHints":{"allow":["GET"]}}],"collection":[{"href":"https:\/\/www.dasroteteam.de\/jusos\/wp-json\/wp\/v2\/posts"}],"about":[{"href":"https:\/\/www.dasroteteam.de\/jusos\/wp-json\/wp\/v2\/types\/post"}],"author":[{"embeddable":true,"href":"https:\/\/www.dasroteteam.de\/jusos\/wp-json\/wp\/v2\/users\/2"}],"replies":[{"embeddable":true,"href":"https:\/\/www.dasroteteam.de\/jusos\/wp-json\/wp\/v2\/comments?post=2510"}],"version-history":[{"count":0,"href":"https:\/\/www.dasroteteam.de\/jusos\/wp-json\/wp\/v2\/posts\/2510\/revisions"}],"wp:featuredmedia":[{"embeddable":true,"href":"https:\/\/www.dasroteteam.de\/jusos\/wp-json\/wp\/v2\/media\/2512"}],"wp:attachment":[{"href":"https:\/\/www.dasroteteam.de\/jusos\/wp-json\/wp\/v2\/media?parent=2510"}],"wp:term":[{"taxonomy":"category","embeddable":true,"href":"https:\/\/www.dasroteteam.de\/jusos\/wp-json\/wp\/v2\/categories?post=2510"},{"taxonomy":"post_tag","embeddable":true,"href":"https:\/\/www.dasroteteam.de\/jusos\/wp-json\/wp\/v2\/tags?post=2510"}],"curies":[{"name":"wp","href":"https:\/\/api.w.org\/{rel}","templated":true}]}}