{"id":2196,"date":"2015-01-05T22:29:16","date_gmt":"2015-01-05T21:29:16","guid":{"rendered":"https:\/\/www.dasroteteam.de\/jusos\/?p=2196"},"modified":"2015-01-05T22:37:47","modified_gmt":"2015-01-05T21:37:47","slug":"mit-rechtspopulisten-arbeitet-man-nicht-zusammen","status":"publish","type":"post","link":"https:\/\/www.dasroteteam.de\/jusos\/2015\/01\/05\/mit-rechtspopulisten-arbeitet-man-nicht-zusammen\/","title":{"rendered":"Mit Rechtspopulisten arbeitet man nicht zusammen!"},"content":{"rendered":"<p><b>Jusos kritisieren gemeinsame Kreistags-Fraktion aus AfD und UB-UWG<\/b><\/p>\n<p><img fetchpriority=\"high\" decoding=\"async\" class=\"aligncenter  wp-image-2199\" src=\"https:\/\/www.dasroteteam.de\/jusos\/wp-content\/uploads\/2015\/01\/afduwg.jpg\" alt=\"afduwg\" width=\"576\" height=\"333\" srcset=\"https:\/\/www.dasroteteam.de\/jusos\/wp-content\/uploads\/2015\/01\/afduwg.jpg 900w, https:\/\/www.dasroteteam.de\/jusos\/wp-content\/uploads\/2015\/01\/afduwg-300x173.jpg 300w\" sizes=\"(max-width: 576px) 100vw, 576px\" \/><\/p>\n<p>Nachdem die gemeinsame Fraktion aus AfD und UB-UWG im Kreistag nachtr\u00c3\u00a4glich doch noch anerkannt wurde, \u00c3\u00bcben die Jusos Minden-L\u00c3\u00bcbbecke scharfe Kritik an der UB-UWG. Die juristische Bewertung der Bildung einer gemeinsamen Fraktion sei eine Sache, die politische Bewertung stehe aber auf einem anderen Papier.<\/p>\n<p>\u00e2\u20ac\u017eDer Kreisverband der AfD in Minden-L\u00c3\u00bcbbecke wirbt sogar auf der eigenen Facebookseite mit der Teilnahme an der fremdenfeindlichen Pegida-Demonstration. Mit diesen Rechtspopulisten sollte keine demokratische Partei zusammenarbeiten\u00e2\u20ac\u0153, so der Vorsitzende der M\u00c3\u00bchlenkreis-Jusos <strong>Micha Heitkamp<\/strong>. Matthias Beier habe als Landratskandidat der UB-UWG bewusst seine Unabh\u00c3\u00a4ngigkeit betont. Diese Unabh\u00c3\u00a4ngigkeit passe nicht mit dem Beitritt in eine rechtspopulistische Fraktion zusammen.<\/p>\n<p>Die Jusos sind sind sich einig: Diese neue Fraktion ist eine Schande f\u00c3\u00bcr die Kreispolitik. Die anderen Fraktionen seien jetzt gefordert, die Rechtspopulisten zu isolieren. \u00e2\u20ac\u017eEine Zusammenarbeit mit dieser Fraktion schlie\u00c3\u0178t sich in jeder Form aus\u00e2\u20ac\u0153, so Micha Heitkamp.<\/p>\n","protected":false},"excerpt":{"rendered":"<p>Jusos kritisieren gemeinsame Kreistags-Fraktion aus AfD und UB-UWG Nachdem die gemeinsame Fraktion aus AfD und UB-UWG im Kreistag nachtr\u00c3\u00a4glich doch noch anerkannt wurde, \u00c3\u00bcben die Jusos Minden-L\u00c3\u00bcbbecke scharfe Kritik an [&hellip;]<\/p>\n","protected":false},"author":2,"featured_media":0,"comment_status":"open","ping_status":"open","sticky":false,"template":"","format":"standard","meta":{"_uag_custom_page_level_css":"","site-sidebar-layout":"default","site-content-layout":"","ast-site-content-layout":"default","site-content-style":"default","site-sidebar-style":"default","ast-global-header-display":"","ast-banner-title-visibility":"","ast-main-header-display":"","ast-hfb-above-header-display":"","ast-hfb-below-header-display":"","ast-hfb-mobile-header-display":"","site-post-title":"","ast-breadcrumbs-content":"","ast-featured-img":"","footer-sml-layout":"","ast-disable-related-posts":"","theme-transparent-header-meta":"","adv-header-id-meta":"","stick-header-meta":"","header-above-stick-meta":"","header-main-stick-meta":"","header-below-stick-meta":"","astra-migrate-meta-layouts":"default","ast-page-background-enabled":"default","ast-page-background-meta":{"desktop":{"background-color":"var(--ast-global-color-4)","background-image":"","background-repeat":"repeat","background-position":"center center","background-size":"auto","background-attachment":"scroll","background-type":"","background-media":"","overlay-type":"","overlay-color":"","overlay-opacity":"","overlay-gradient":""},"tablet":{"background-color":"","background-image":"","background-repeat":"repeat","background-position":"center center","background-size":"auto","background-attachment":"scroll","background-type":"","background-media":"","overlay-type":"","overlay-color":"","overlay-opacity":"","overlay-gradient":""},"mobile":{"background-color":"","background-image":"","background-repeat":"repeat","background-position":"center center","background-size":"auto","background-attachment":"scroll","background-type":"","background-media":"","overlay-type":"","overlay-color":"","overlay-opacity":"","overlay-gradient":""}},"ast-content-background-meta":{"desktop":{"background-color":"var(--ast-global-color-5)","background-image":"","background-repeat":"repeat","background-position":"center center","background-size":"auto","background-attachment":"scroll","background-type":"","background-media":"","overlay-type":"","overlay-color":"","overlay-opacity":"","overlay-gradient":""},"tablet":{"background-color":"var(--ast-global-color-5)","background-image":"","background-repeat":"repeat","background-position":"center center","background-size":"auto","background-attachment":"scroll","background-type":"","background-media":"","overlay-type":"","overlay-color":"","overlay-opacity":"","overlay-gradient":""},"mobile":{"background-color":"var(--ast-global-color-5)","background-image":"","background-repeat":"repeat","background-position":"center center","background-size":"auto","background-attachment":"scroll","background-type":"","background-media":"","overlay-type":"","overlay-color":"","overlay-opacity":"","overlay-gradient":""}},"footnotes":""},"categories":[21,4],"tags":[328,329,330],"class_list":["post-2196","post","type-post","status-publish","format-standard","hentry","category-aus-dem-ub","category-presse-news","tag-afd","tag-rechtspopulisten","tag-uwg"],"uagb_featured_image_src":{"full":false,"thumbnail":false,"medium":false,"medium_large":false,"large":false,"1536x1536":false,"2048x2048":false,"slide-thumbnail":false},"uagb_author_info":{"display_name":"Redaktion","author_link":"https:\/\/www.dasroteteam.de\/jusos\/author\/vogelje\/"},"uagb_comment_info":2,"uagb_excerpt":"Jusos kritisieren gemeinsame Kreistags-Fraktion aus AfD und UB-UWG Nachdem die gemeinsame Fraktion aus AfD und UB-UWG im Kreistag nachtr\u00c3\u00a4glich doch noch anerkannt wurde, \u00c3\u00bcben die Jusos Minden-L\u00c3\u00bcbbecke scharfe Kritik an [&hellip;]","_links":{"self":[{"href":"https:\/\/www.dasroteteam.de\/jusos\/wp-json\/wp\/v2\/posts\/2196","targetHints":{"allow":["GET"]}}],"collection":[{"href":"https:\/\/www.dasroteteam.de\/jusos\/wp-json\/wp\/v2\/posts"}],"about":[{"href":"https:\/\/www.dasroteteam.de\/jusos\/wp-json\/wp\/v2\/types\/post"}],"author":[{"embeddable":true,"href":"https:\/\/www.dasroteteam.de\/jusos\/wp-json\/wp\/v2\/users\/2"}],"replies":[{"embeddable":true,"href":"https:\/\/www.dasroteteam.de\/jusos\/wp-json\/wp\/v2\/comments?post=2196"}],"version-history":[{"count":0,"href":"https:\/\/www.dasroteteam.de\/jusos\/wp-json\/wp\/v2\/posts\/2196\/revisions"}],"wp:attachment":[{"href":"https:\/\/www.dasroteteam.de\/jusos\/wp-json\/wp\/v2\/media?parent=2196"}],"wp:term":[{"taxonomy":"category","embeddable":true,"href":"https:\/\/www.dasroteteam.de\/jusos\/wp-json\/wp\/v2\/categories?post=2196"},{"taxonomy":"post_tag","embeddable":true,"href":"https:\/\/www.dasroteteam.de\/jusos\/wp-json\/wp\/v2\/tags?post=2196"}],"curies":[{"name":"wp","href":"https:\/\/api.w.org\/{rel}","templated":true}]}}