{"id":200,"date":"2009-08-26T01:17:58","date_gmt":"2009-08-25T23:17:58","guid":{"rendered":"https:\/\/www.dasroteteam.de\/jusos\/?p=200"},"modified":"2013-02-14T01:21:58","modified_gmt":"2013-02-13T23:21:58","slug":"wandern-im-weserbergland","status":"publish","type":"post","link":"https:\/\/www.dasroteteam.de\/jusos\/2009\/08\/26\/wandern-im-weserbergland\/","title":{"rendered":"Wandern im Weserbergland"},"content":{"rendered":"<div>\n<div><\/div>\n<div>\n<figure id=\"attachment_202\" aria-describedby=\"caption-attachment-202\" style=\"width: 500px\" class=\"wp-caption aligncenter\"><a href=\"https:\/\/www.dasroteteam.de\/jusos\/wp-content\/uploads\/2013\/02\/3846411355_1451941528.jpg\" rel=\"lightbox[200]\"><img fetchpriority=\"high\" decoding=\"async\" class=\"size-full wp-image-202\" alt=\"Frank-Walter Steinmeier mit den Jusos und Stefan Schwartze\" src=\"https:\/\/www.dasroteteam.de\/jusos\/wp-content\/uploads\/2013\/02\/3846411355_1451941528.jpg\" width=\"500\" height=\"375\" srcset=\"https:\/\/www.dasroteteam.de\/jusos\/wp-content\/uploads\/2013\/02\/3846411355_1451941528.jpg 500w, https:\/\/www.dasroteteam.de\/jusos\/wp-content\/uploads\/2013\/02\/3846411355_1451941528-300x225.jpg 300w\" sizes=\"(max-width: 500px) 100vw, 500px\" \/><\/a><figcaption id=\"caption-attachment-202\" class=\"wp-caption-text\">Frank-Walter Steinmeier mit den Jusos und Stefan Schwartze<\/figcaption><\/figure>\n<\/div>\n<div>Am vergangenen Samstag war der Bundesau\u00c3\u0178enminister und SPD-Kanzlerkandidat Frank-Walter Steinmeier auf Einladung der lokalen SPD-Bundestagskandidaten Achim Post und Stefan Schwartze in Porta Westfalica Zusammen mit \u00c3\u00bcber hunderten Menschen wanderte Steinmeier durch das Weserbergland und besichtigten unter anderem auch das Kaiser Wilhelm-Denkmal in Porta. Abschlie\u00c3\u0178end sprach Steinmeier auf einer Abschlusskundgebung in der Freilicht-B\u00c3\u00bchne in Porta-Barkhausen.<\/div>\n<\/div>\n<p>In seiner Rede machte Steinmeier deutlich, dass Kanzlerin Dr. Angela Merkel und ihre Partei konzeptlos sind und nur ihr F\u00c3\u00a4hnchen in den Wind h\u00c3\u00a4lt und dementsprechend handelt.<\/p>\n<p>Steinmeier erkl\u00c3\u00a4rte, dass die SPD mit ihrem\u00c2\u00a0<strong><a href=\"http:\/\/www.spd.de\/de\/politik\/regierungsprogramm\/index.html\" target=\"_blank\">Regierungsprogramm<\/a>\u00c2\u00a0<\/strong>und dem\u00c2\u00a0<a href=\"http:\/\/frankwaltersteinmeier.de\/meine_ziele\/deutschlandplan\/index.html\" target=\"_blank\"><strong>Deutschlandplan<\/strong><\/a>\u00c2\u00a0konkrete Konzepte hat f\u00c3\u00bcr die Zukunft Deutschlands. Die SPD will f\u00c3\u00bcr gerechte L\u00c3\u00b6hne sorgen, in erneuerbare Energien und in Bildungs investieren und vorallem die Rahmenbedingungen f\u00c3\u00bcr neue Arbeits- und Ausbildungspl\u00c3\u00a4tze schaffen.<\/p>\n<p>Er wies auch darauf hin, dass mit Merkel und Co die soziale K\u00c3\u00a4lte in Deutschland einkehrt und sie nur Politik f\u00c3\u00bcr die oberen Bev\u00c3\u00b6lkerungschichten macht, zulasten der unteren und mittleren Einkommen &#8211; Bundeswirtschaftsminister Guttenberg hat mit seinen Konzept bereits die Richtung der Union vorgegeben: Aufweichung des K\u00c3\u00bcndigungsschutzes, keine Mindestl\u00c3\u00b6hneund daf\u00c3\u00bcr weiter Niedrigel\u00c3\u00b6hne usw.<\/p>\n<p>Die Steuerversprechen der Union sind unseri\u00c3\u00b6s, so Steinmeier und die Finanzierung dieser Versprechen geht zulasten der unteren Einkommensgruppen und nutzen nur wenigen.<\/p>\n<p>Auch bei der Energiepolitik ist Merkel und die Union auf dem Irrweg. Der Ausstieg aus der Atomenergie ist und bleibt der richtige Weg und die SPD wird daran festhalten und weiter in erneuerbare Energieformen investieren.<\/p>\n","protected":false},"excerpt":{"rendered":"<p>Am vergangenen Samstag war der Bundesau\u00c3\u0178enminister und SPD-Kanzlerkandidat Frank-Walter Steinmeier auf Einladung der lokalen SPD-Bundestagskandidaten Achim Post und Stefan Schwartze in Porta Westfalica Zusammen mit \u00c3\u00bcber hunderten Menschen wanderte Steinmeier [&hellip;]<\/p>\n","protected":false},"author":2,"featured_media":202,"comment_status":"open","ping_status":"open","sticky":false,"template":"","format":"standard","meta":{"_uag_custom_page_level_css":"","site-sidebar-layout":"default","site-content-layout":"","ast-site-content-layout":"default","site-content-style":"default","site-sidebar-style":"default","ast-global-header-display":"","ast-banner-title-visibility":"","ast-main-header-display":"","ast-hfb-above-header-display":"","ast-hfb-below-header-display":"","ast-hfb-mobile-header-display":"","site-post-title":"","ast-breadcrumbs-content":"","ast-featured-img":"","footer-sml-layout":"","ast-disable-related-posts":"","theme-transparent-header-meta":"","adv-header-id-meta":"","stick-header-meta":"","header-above-stick-meta":"","header-main-stick-meta":"","header-below-stick-meta":"","astra-migrate-meta-layouts":"default","ast-page-background-enabled":"default","ast-page-background-meta":{"desktop":{"background-color":"var(--ast-global-color-4)","background-image":"","background-repeat":"repeat","background-position":"center center","background-size":"auto","background-attachment":"scroll","background-type":"","background-media":"","overlay-type":"","overlay-color":"","overlay-opacity":"","overlay-gradient":""},"tablet":{"background-color":"","background-image":"","background-repeat":"repeat","background-position":"center center","background-size":"auto","background-attachment":"scroll","background-type":"","background-media":"","overlay-type":"","overlay-color":"","overlay-opacity":"","overlay-gradient":""},"mobile":{"background-color":"","background-image":"","background-repeat":"repeat","background-position":"center center","background-size":"auto","background-attachment":"scroll","background-type":"","background-media":"","overlay-type":"","overlay-color":"","overlay-opacity":"","overlay-gradient":""}},"ast-content-background-meta":{"desktop":{"background-color":"var(--ast-global-color-5)","background-image":"","background-repeat":"repeat","background-position":"center center","background-size":"auto","background-attachment":"scroll","background-type":"","background-media":"","overlay-type":"","overlay-color":"","overlay-opacity":"","overlay-gradient":""},"tablet":{"background-color":"var(--ast-global-color-5)","background-image":"","background-repeat":"repeat","background-position":"center center","background-size":"auto","background-attachment":"scroll","background-type":"","background-media":"","overlay-type":"","overlay-color":"","overlay-opacity":"","overlay-gradient":""},"mobile":{"background-color":"var(--ast-global-color-5)","background-image":"","background-repeat":"repeat","background-position":"center center","background-size":"auto","background-attachment":"scroll","background-type":"","background-media":"","overlay-type":"","overlay-color":"","overlay-opacity":"","overlay-gradient":""}},"footnotes":""},"categories":[21],"tags":[78,79],"class_list":["post-200","post","type-post","status-publish","format-standard","has-post-thumbnail","hentry","category-aus-dem-ub","tag-frank-walter-steinmeier","tag-spd"],"uagb_featured_image_src":{"full":["https:\/\/www.dasroteteam.de\/jusos\/wp-content\/uploads\/2013\/02\/3846411355_1451941528.jpg",500,375,false],"thumbnail":["https:\/\/www.dasroteteam.de\/jusos\/wp-content\/uploads\/2013\/02\/3846411355_1451941528-150x150.jpg",80,80,true],"medium":["https:\/\/www.dasroteteam.de\/jusos\/wp-content\/uploads\/2013\/02\/3846411355_1451941528-300x225.jpg",300,225,true],"medium_large":["https:\/\/www.dasroteteam.de\/jusos\/wp-content\/uploads\/2013\/02\/3846411355_1451941528.jpg",500,375,false],"large":["https:\/\/www.dasroteteam.de\/jusos\/wp-content\/uploads\/2013\/02\/3846411355_1451941528.jpg",500,375,false],"1536x1536":["https:\/\/www.dasroteteam.de\/jusos\/wp-content\/uploads\/2013\/02\/3846411355_1451941528.jpg",500,375,false],"2048x2048":["https:\/\/www.dasroteteam.de\/jusos\/wp-content\/uploads\/2013\/02\/3846411355_1451941528.jpg",500,375,false],"slide-thumbnail":["https:\/\/www.dasroteteam.de\/jusos\/wp-content\/uploads\/2013\/02\/3846411355_1451941528.jpg",500,375,false]},"uagb_author_info":{"display_name":"Redaktion","author_link":"https:\/\/www.dasroteteam.de\/jusos\/author\/vogelje\/"},"uagb_comment_info":0,"uagb_excerpt":"Am vergangenen Samstag war der Bundesau\u00c3\u0178enminister und SPD-Kanzlerkandidat Frank-Walter Steinmeier auf Einladung der lokalen SPD-Bundestagskandidaten Achim Post und Stefan Schwartze in Porta Westfalica Zusammen mit \u00c3\u00bcber hunderten Menschen wanderte Steinmeier [&hellip;]","_links":{"self":[{"href":"https:\/\/www.dasroteteam.de\/jusos\/wp-json\/wp\/v2\/posts\/200","targetHints":{"allow":["GET"]}}],"collection":[{"href":"https:\/\/www.dasroteteam.de\/jusos\/wp-json\/wp\/v2\/posts"}],"about":[{"href":"https:\/\/www.dasroteteam.de\/jusos\/wp-json\/wp\/v2\/types\/post"}],"author":[{"embeddable":true,"href":"https:\/\/www.dasroteteam.de\/jusos\/wp-json\/wp\/v2\/users\/2"}],"replies":[{"embeddable":true,"href":"https:\/\/www.dasroteteam.de\/jusos\/wp-json\/wp\/v2\/comments?post=200"}],"version-history":[{"count":0,"href":"https:\/\/www.dasroteteam.de\/jusos\/wp-json\/wp\/v2\/posts\/200\/revisions"}],"wp:featuredmedia":[{"embeddable":true,"href":"https:\/\/www.dasroteteam.de\/jusos\/wp-json\/wp\/v2\/media\/202"}],"wp:attachment":[{"href":"https:\/\/www.dasroteteam.de\/jusos\/wp-json\/wp\/v2\/media?parent=200"}],"wp:term":[{"taxonomy":"category","embeddable":true,"href":"https:\/\/www.dasroteteam.de\/jusos\/wp-json\/wp\/v2\/categories?post=200"},{"taxonomy":"post_tag","embeddable":true,"href":"https:\/\/www.dasroteteam.de\/jusos\/wp-json\/wp\/v2\/tags?post=200"}],"curies":[{"name":"wp","href":"https:\/\/api.w.org\/{rel}","templated":true}]}}