{"id":1986,"date":"2014-03-11T18:51:48","date_gmt":"2014-03-11T17:51:48","guid":{"rendered":"https:\/\/www.dasroteteam.de\/jusos\/?p=1986"},"modified":"2014-03-11T18:52:25","modified_gmt":"2014-03-11T17:52:25","slug":"jusos-minden-luebbecke-laden-zum-wahlkampfauftakt-ein","status":"publish","type":"post","link":"https:\/\/www.dasroteteam.de\/jusos\/2014\/03\/11\/jusos-minden-luebbecke-laden-zum-wahlkampfauftakt-ein\/","title":{"rendered":"Jusos Minden-L\u00c3\u00bcbbecke laden zum Wahlkampfauftakt ein"},"content":{"rendered":"<p>Die Jusos Minden-L\u00c3\u00bcbbecke werden am <strong>14. M\u00c3\u00a4rz ab 18.30 Uhr<\/strong> im <strong>Kurhaus Pivittskrug<\/strong>\u00c2\u00a0<strong>(Heidestra\u00c3\u0178e 63)\u00c2\u00a0<\/strong>in <strong>Hille-Rothenuffeln<\/strong> ihren Wahlkampfauftakt f\u00c3\u00bcr die Kommunal- und Europawahl abhalten.<\/p>\n<p>In gem\u00c3\u00bctlicher Runde wollen sich die Jusos dabei mit munteren Diskussionen auf den bevorstehenden Wahlkampf einstimmen.<\/p>\n<p>Interessierte G\u00c3\u00a4ste sind nat\u00c3\u00bcrlich herzlich willkommen.<\/p>\n","protected":false},"excerpt":{"rendered":"<p>Die Jusos Minden-L\u00c3\u00bcbbecke werden am 14. M\u00c3\u00a4rz ab 18.30 Uhr im Kurhaus Pivittskrug\u00c2\u00a0(Heidestra\u00c3\u0178e 63)\u00c2\u00a0in Hille-Rothenuffeln ihren Wahlkampfauftakt f\u00c3\u00bcr die Kommunal- und Europawahl abhalten. In gem\u00c3\u00bctlicher Runde wollen sich die Jusos [&hellip;]<\/p>\n","protected":false},"author":2,"featured_media":0,"comment_status":"open","ping_status":"open","sticky":false,"template":"","format":"standard","meta":{"_uag_custom_page_level_css":"","site-sidebar-layout":"default","site-content-layout":"","ast-site-content-layout":"default","site-content-style":"default","site-sidebar-style":"default","ast-global-header-display":"","ast-banner-title-visibility":"","ast-main-header-display":"","ast-hfb-above-header-display":"","ast-hfb-below-header-display":"","ast-hfb-mobile-header-display":"","site-post-title":"","ast-breadcrumbs-content":"","ast-featured-img":"","footer-sml-layout":"","ast-disable-related-posts":"","theme-transparent-header-meta":"","adv-header-id-meta":"","stick-header-meta":"","header-above-stick-meta":"","header-main-stick-meta":"","header-below-stick-meta":"","astra-migrate-meta-layouts":"default","ast-page-background-enabled":"default","ast-page-background-meta":{"desktop":{"background-color":"var(--ast-global-color-4)","background-image":"","background-repeat":"repeat","background-position":"center center","background-size":"auto","background-attachment":"scroll","background-type":"","background-media":"","overlay-type":"","overlay-color":"","overlay-opacity":"","overlay-gradient":""},"tablet":{"background-color":"","background-image":"","background-repeat":"repeat","background-position":"center center","background-size":"auto","background-attachment":"scroll","background-type":"","background-media":"","overlay-type":"","overlay-color":"","overlay-opacity":"","overlay-gradient":""},"mobile":{"background-color":"","background-image":"","background-repeat":"repeat","background-position":"center center","background-size":"auto","background-attachment":"scroll","background-type":"","background-media":"","overlay-type":"","overlay-color":"","overlay-opacity":"","overlay-gradient":""}},"ast-content-background-meta":{"desktop":{"background-color":"var(--ast-global-color-5)","background-image":"","background-repeat":"repeat","background-position":"center center","background-size":"auto","background-attachment":"scroll","background-type":"","background-media":"","overlay-type":"","overlay-color":"","overlay-opacity":"","overlay-gradient":""},"tablet":{"background-color":"var(--ast-global-color-5)","background-image":"","background-repeat":"repeat","background-position":"center center","background-size":"auto","background-attachment":"scroll","background-type":"","background-media":"","overlay-type":"","overlay-color":"","overlay-opacity":"","overlay-gradient":""},"mobile":{"background-color":"var(--ast-global-color-5)","background-image":"","background-repeat":"repeat","background-position":"center center","background-size":"auto","background-attachment":"scroll","background-type":"","background-media":"","overlay-type":"","overlay-color":"","overlay-opacity":"","overlay-gradient":""}},"footnotes":""},"categories":[4,16],"tags":[],"class_list":["post-1986","post","type-post","status-publish","format-standard","hentry","category-presse-news","category-termine"],"uagb_featured_image_src":{"full":false,"thumbnail":false,"medium":false,"medium_large":false,"large":false,"1536x1536":false,"2048x2048":false,"slide-thumbnail":false},"uagb_author_info":{"display_name":"Redaktion","author_link":"https:\/\/www.dasroteteam.de\/jusos\/author\/vogelje\/"},"uagb_comment_info":0,"uagb_excerpt":"Die Jusos Minden-L\u00c3\u00bcbbecke werden am 14. M\u00c3\u00a4rz ab 18.30 Uhr im Kurhaus Pivittskrug\u00c2\u00a0(Heidestra\u00c3\u0178e 63)\u00c2\u00a0in Hille-Rothenuffeln ihren Wahlkampfauftakt f\u00c3\u00bcr die Kommunal- und Europawahl abhalten. In gem\u00c3\u00bctlicher Runde wollen sich die Jusos [&hellip;]","_links":{"self":[{"href":"https:\/\/www.dasroteteam.de\/jusos\/wp-json\/wp\/v2\/posts\/1986","targetHints":{"allow":["GET"]}}],"collection":[{"href":"https:\/\/www.dasroteteam.de\/jusos\/wp-json\/wp\/v2\/posts"}],"about":[{"href":"https:\/\/www.dasroteteam.de\/jusos\/wp-json\/wp\/v2\/types\/post"}],"author":[{"embeddable":true,"href":"https:\/\/www.dasroteteam.de\/jusos\/wp-json\/wp\/v2\/users\/2"}],"replies":[{"embeddable":true,"href":"https:\/\/www.dasroteteam.de\/jusos\/wp-json\/wp\/v2\/comments?post=1986"}],"version-history":[{"count":0,"href":"https:\/\/www.dasroteteam.de\/jusos\/wp-json\/wp\/v2\/posts\/1986\/revisions"}],"wp:attachment":[{"href":"https:\/\/www.dasroteteam.de\/jusos\/wp-json\/wp\/v2\/media?parent=1986"}],"wp:term":[{"taxonomy":"category","embeddable":true,"href":"https:\/\/www.dasroteteam.de\/jusos\/wp-json\/wp\/v2\/categories?post=1986"},{"taxonomy":"post_tag","embeddable":true,"href":"https:\/\/www.dasroteteam.de\/jusos\/wp-json\/wp\/v2\/tags?post=1986"}],"curies":[{"name":"wp","href":"https:\/\/api.w.org\/{rel}","templated":true}]}}